{"id":14014,"date":"2024-01-22T11:37:16","date_gmt":"2024-01-22T15:37:16","guid":{"rendered":"https:\/\/www.healthcoalition.ca\/?p=14014"},"modified":"2024-01-22T16:44:52","modified_gmt":"2024-01-22T20:44:52","slug":"passez-a-laction-dites-aux-ministres-daccorder-a-tous-des-soins-de-sante-quel-que-soit-leur-statut-dimmigration","status":"publish","type":"post","link":"https:\/\/www.healthcoalition.ca\/fr\/passez-a-laction-dites-aux-ministres-daccorder-a-tous-des-soins-de-sante-quel-que-soit-leur-statut-dimmigration\/","title":{"rendered":"Passez \u00e0 l\u2019action : Dites aux ministres d\u2019accorder \u00e0 tous des soins de sant\u00e9, quel que soit leur statut d\u2019immigration"},"content":{"rendered":"\n<p>Le Comit\u00e9 des droits de l\u2019homme des Nations unies a demand\u00e9 au Canada d\u2019accorder des soins de sant\u00e9 essentiels aux migrants en situation irr\u00e9guli\u00e8re. Le Canada doit rendre compte au Conseil des droits de l\u2019homme des Nations unies, d\u2019ici le 12 f\u00e9vrier, de son intention de se conformer \u00e0 la d\u00e9cision du Comit\u00e9. Veillons \u00e0 ce qu\u2019il le fasse. <\/p>\n\n\n\n<p>Il y a un an, le 9 janvier, le Canada a perdu une championne des soins de sant\u00e9 universels, lorsque <a href=\"https:\/\/www.healthcoalition.ca\/fr\/en-souvenir-de-la-lutte-de-nell-toussaint-immigrante-en-faveur-de-lassurance-maladie-pour-tous-quel-que-soit-le-statut-dimmigration\/\" rel=\"noopener\" target=\"_blank\">Nell Toussaint<\/a> est d\u00e9c\u00e9d\u00e9e \u00e0 l\u2019\u00e2ge de 54 ans. <\/p>\n\n\n\n<p>Nell n\u2019a pas pu acc\u00e9der aux soins de sant\u00e9 lorsqu\u2019elle en avait besoin en raison de son statut d\u2019immigration irr\u00e9gulier. Convaincue que tout le monde devrait avoir un acc\u00e8s rapide et \u00e9gal aux soins de sant\u00e9, Nell a saisi les Nations unies, arguant que le Canada avait viol\u00e9 ses droits \u00e0 la vie et \u00e0 la non-discrimination. Dans une d\u00e9cision historique, le Comit\u00e9 des droits de l\u2019homme des Nations unies a donn\u00e9 raison \u00e0 Nell et a ordonn\u00e9 au gouvernement canadien de fournir des soins de sant\u00e9 essentiels aux migrants en situation irr\u00e9guli\u00e8re. Le Canada ayant refus\u00e9, Nell a saisi la Cour sup\u00e9rieure de justice de l\u2019Ontario pour que le gouvernement canadien cesse de refuser aux migrants en situation irr\u00e9guli\u00e8re l\u2019acc\u00e8s aux soins de sant\u00e9. Les obstacles juridiques ayant \u00e9t\u00e9 surmont\u00e9s, cette action en justice se poursuit aujourd\u2019hui. <\/p>\n\n\n\n<p>Cette semaine, <a href=\"https:\/\/www.healthcoalition.ca\/wp-content\/uploads\/2024\/01\/Joint-letter-to-Ministers-1-22-2024-French.pdf\" target=\"_blank\" rel=\"noreferrer noopener\">les d\u00e9fenseurs de Nell, notamment des experts en sant\u00e9 et des organisations de d\u00e9fense des droits de l\u2019homme, exhortent<\/a> le ministre de la Sant\u00e9 Mark Holland, le ministre de la Justice Arif Virani et les autres ministres responsables \u00e0 accepter les recommandations formul\u00e9es lors du r\u00e9cent Examen p\u00e9riodique universel du Canada au Conseil des droits de l\u2019homme de l\u2019ONU : garantir l\u2019acc\u00e8s aux soins de sant\u00e9 sans discrimination fond\u00e9e sur le statut d\u2019immigrant et appliquer pleinement la d\u00e9cision du Comit\u00e9 des droits de l\u2019homme de l\u2019ONU dans <a href=\"https:\/\/docstore.ohchr.org\/SelfServices\/FilesHandler.ashx?enc=6QkG1d\/PPRiCAqhKb7yhstcNDCvDan1pXU7dsZDBaDUTGwvepRQQ4nwed0EKFgVQ1PMnrThSRVGq36Wd\/dgnclNKEZT2ee5xTjoyNmiapxrxB8hNy3xID1qlQfO4XMfbSns9SrVKk2dshmsxA2QWVF9ozlsMPG5LTvkfhPliKEA=\" target=\"_blank\" rel=\"noopener\">l\u2019affaire Nell Toussaint c. Canada CCPR\/C\/123\/D\/2348\/2014 (30 ao\u00fbt 2018)<\/a>.<\/p>\n\n\n\n<p>Pour amplifier les voix qui adressent cette demande \u00e0 nos ministres, envoyez vous aussi une lettre. <\/p>\n\n\n\n<div id=\"wufoo-z1in1fpm1i4ncs4\"> Fill out my <a href=\"https:\/\/healthcoalition.wufoo.com\/forms\/z1in1fpm1i4ncs4\">online form<\/a>. <\/div> <script type=\"text\/javascript\"> var z1in1fpm1i4ncs4; (function(d, t) { var s = d.createElement(t), options = { 'userName':'healthcoalition', 'formHash':'z1in1fpm1i4ncs4', 'autoResize':true, 'height':'1022', 'async':true, 'host':'wufoo.com', 'header':'show', 'ssl':true }; s.src = ('https:' == d.location.protocol ?'https:\/\/':'http:\/\/') + 'secure.wufoo.com\/scripts\/embed\/form.js'; s.onload = s.onreadystatechange = function() { var rs = this.readyState; if (rs) if (rs != 'complete') if (rs != 'loaded') return; try { z1in1fpm1i4ncs4 = new WufooForm(); z1in1fpm1i4ncs4.initialize(options); z1in1fpm1i4ncs4.display(); } catch (e) { } }; var scr = d.getElementsByTagName(t)[0], par = scr.parentNode; par.insertBefore(s, scr); })(document, 'script'); <\/script>\n\n\n\n<div class=\"wp-block-buttons is-content-justification-center is-layout-flex wp-container-core-buttons-is-layout-16018d1d wp-block-buttons-is-layout-flex\"><\/div>\n","protected":false},"excerpt":{"rendered":"<p>Envoyez une lettre en faveur de l&#8217;assurance maladie universelle<\/p>\n","protected":false},"author":129,"featured_media":13997,"comment_status":"closed","ping_status":"closed","sticky":false,"template":"","format":"standard","meta":{"give_campaign_id":0,"footnotes":""},"categories":[95],"tags":[143],"class_list":["post-14014","post","type-post","status-publish","format-standard","has-post-thumbnail","hentry","category-passer-a-laction","tag-racism-fr"],"_links":{"self":[{"href":"https:\/\/www.healthcoalition.ca\/fr\/wp-json\/wp\/v2\/posts\/14014","targetHints":{"allow":["GET"]}}],"collection":[{"href":"https:\/\/www.healthcoalition.ca\/fr\/wp-json\/wp\/v2\/posts"}],"about":[{"href":"https:\/\/www.healthcoalition.ca\/fr\/wp-json\/wp\/v2\/types\/post"}],"author":[{"embeddable":true,"href":"https:\/\/www.healthcoalition.ca\/fr\/wp-json\/wp\/v2\/users\/129"}],"replies":[{"embeddable":true,"href":"https:\/\/www.healthcoalition.ca\/fr\/wp-json\/wp\/v2\/comments?post=14014"}],"version-history":[{"count":6,"href":"https:\/\/www.healthcoalition.ca\/fr\/wp-json\/wp\/v2\/posts\/14014\/revisions"}],"predecessor-version":[{"id":14096,"href":"https:\/\/www.healthcoalition.ca\/fr\/wp-json\/wp\/v2\/posts\/14014\/revisions\/14096"}],"wp:featuredmedia":[{"embeddable":true,"href":"https:\/\/www.healthcoalition.ca\/fr\/wp-json\/wp\/v2\/media\/13997"}],"wp:attachment":[{"href":"https:\/\/www.healthcoalition.ca\/fr\/wp-json\/wp\/v2\/media?parent=14014"}],"wp:term":[{"taxonomy":"category","embeddable":true,"href":"https:\/\/www.healthcoalition.ca\/fr\/wp-json\/wp\/v2\/categories?post=14014"},{"taxonomy":"post_tag","embeddable":true,"href":"https:\/\/www.healthcoalition.ca\/fr\/wp-json\/wp\/v2\/tags?post=14014"}],"curies":[{"name":"wp","href":"https:\/\/api.w.org\/{rel}","templated":true}]}}