{"id":18008,"date":"2025-02-06T09:23:55","date_gmt":"2025-02-06T13:23:55","guid":{"rendered":"https:\/\/www.healthcoalition.ca\/lheritage-de-tommy-douglas-sera-partage-lors-de-la-conference-sos-medicare-3-0\/"},"modified":"2025-02-06T09:29:10","modified_gmt":"2025-02-06T13:29:10","slug":"lheritage-de-tommy-douglas-sera-partage-lors-de-la-conference-sos-medicare-3-0","status":"publish","type":"post","link":"https:\/\/www.healthcoalition.ca\/fr\/lheritage-de-tommy-douglas-sera-partage-lors-de-la-conference-sos-medicare-3-0\/","title":{"rendered":"L&#8217;h\u00e9ritage de Tommy Douglas sera partag\u00e9 lors de la conf\u00e9rence SOS Medicare 3.0"},"content":{"rendered":"\n<p>Comment le Canada a-t-il obtenu l&#8217;assurance maladie ? Greg Marchildon retrace l&#8217;histoire des soins de sant\u00e9 universels au Canada dans son dernier livre, <em><a href=\"https:\/\/utppublishing.com\/doi\/book\/10.3138\/9781487560430\" target=\"_blank\" rel=\"noreferrer noopener\">Tommy Douglas and the Quest for Medicare in Canada<\/a><\/em>. Marchildon sera l&#8217;un des nombreux intervenants fascinants de la <a href=\"https:\/\/sosmedicare.ca\/fr\/\" target=\"_blank\" rel=\"noreferrer noopener\">conf\u00e9rence SOS Medicare 3.0<\/a>, qui se tiendra \u00e0 Ottawa le 24 f\u00e9vrier.<\/p>\n\n\n\n<figure class=\"wp-block-image size-large\"><img loading=\"lazy\" decoding=\"async\" width=\"1024\" height=\"542\" src=\"https:\/\/www.healthcoalition.ca\/wp-content\/uploads\/2025\/02\/IMG_3999-1-1024x542.jpg\" alt=\"\" class=\"wp-image-17973\" srcset=\"https:\/\/www.healthcoalition.ca\/wp-content\/uploads\/2025\/02\/IMG_3999-1-1024x542.jpg 1024w, https:\/\/www.healthcoalition.ca\/wp-content\/uploads\/2025\/02\/IMG_3999-1-300x159.jpg 300w, https:\/\/www.healthcoalition.ca\/wp-content\/uploads\/2025\/02\/IMG_3999-1-768x406.jpg 768w, https:\/\/www.healthcoalition.ca\/wp-content\/uploads\/2025\/02\/IMG_3999-1.jpg 1359w\" sizes=\"auto, (max-width: 1024px) 100vw, 1024px\" \/><figcaption class=\"wp-element-caption\"><em>Sasha Mullally, doyenne associ\u00e9e de l&#8217;\u00c9cole des hautes \u00e9tudes de l&#8217;Universit\u00e9 du Nouveau-Brunswick et auteure de Foreign Practices : Immigrant Doctors and the History of Canadian Medicare, a organis\u00e9 une conversation avec Greg Marchildon sur son nouveau livre \u00e0 l&#8217;Universit\u00e9 du Nouveau-Brunswick le 31 janvier 2025. Photo par Nicole O&#8217;Byrne. <\/em><\/figcaption><\/figure>\n\n\n\n<p>Douglas a particip\u00e9 \u00e0 la premi\u00e8re conf\u00e9rence SOS Medicare \u00e0 Ottawa en 1979, qui a donn\u00e9 naissance \u00e0 la Coalition canadienne de la sant\u00e9. Son biographe Marchildon \u00e9tait pr\u00e9sent \u00e0 la deuxi\u00e8me conf\u00e9rence SOS Medicare \u00e0 Regina en 2007.<\/p>\n\n\n\n<p>Dans son dernier ouvrage, Marchildon s&#8217;appuie sur diverses sources d&#8217;archives, notamment des discours, des \u00e9missions t\u00e9l\u00e9vis\u00e9es et des documents minist\u00e9riels, pour r\u00e9v\u00e9ler comment la vision de M. Douglas, son leadership et la cr\u00e9ation de coalitions entre les syndicats ont permis d&#8217;obtenir l&#8217;assurance-maladie au Canada.<\/p>\n\n\n<div class=\"wp-block-image\">\n<figure class=\"aligncenter size-large\"><img loading=\"lazy\" decoding=\"async\" width=\"683\" height=\"1024\" src=\"https:\/\/www.healthcoalition.ca\/wp-content\/uploads\/2025\/02\/9781487560430.cover_-683x1024.jpg\" alt=\"\" class=\"wp-image-17975\" srcset=\"https:\/\/www.healthcoalition.ca\/wp-content\/uploads\/2025\/02\/9781487560430.cover_-683x1024.jpg 683w, https:\/\/www.healthcoalition.ca\/wp-content\/uploads\/2025\/02\/9781487560430.cover_-200x300.jpg 200w, https:\/\/www.healthcoalition.ca\/wp-content\/uploads\/2025\/02\/9781487560430.cover_-768x1152.jpg 768w, https:\/\/www.healthcoalition.ca\/wp-content\/uploads\/2025\/02\/9781487560430.cover_-1024x1536.jpg 1024w, https:\/\/www.healthcoalition.ca\/wp-content\/uploads\/2025\/02\/9781487560430.cover_-1365x2048.jpg 1365w, https:\/\/www.healthcoalition.ca\/wp-content\/uploads\/2025\/02\/9781487560430.cover_-scaled.jpg 1707w\" sizes=\"auto, (max-width: 683px) 100vw, 683px\" \/><\/figure>\n<\/div>\n\n\n<p>Marchildon se joindra \u00e0 Anne Lagac\u00e9 Dowson pour une discussion au coin du feu lors de la conf\u00e9rence SOS Medicare 3.0, afin de discuter de l&#8217;h\u00e9ritage de Douglas, \u00e9lu <a https:=\"\" href=\"\u00ab\">plus grand Canadien dans un sondage de la CBC<\/a> en 2004.<\/p>\n\n\n\n<hr class=\"wp-block-separator has-alpha-channel-opacity\"\/>\n\n\n\n<p>La conf\u00e9rence SOS Medicare 3.0 et la formation \u00e0 l&#8217;action politique qui ont lieu le 24 et 25 f\u00e9vrier  visent \u00e0 garantir que la d\u00e9fense et l&#8217;extension de l&#8217;assurance-maladie figurent \u00e0 l&#8217;ordre du jour des \u00e9lections f\u00e9d\u00e9rales de 2025. La conf\u00e9rence s&#8217;inscrit dans la tradition des conf\u00e9rences SOS Medicare tenues en 1979 et en 2007, donc une fois par g\u00e9n\u00e9ration. Elle est coparrain\u00e9e par la Coalition canadienne de la sant\u00e9, le Congr\u00e8s du travail du Canada, la F\u00e9d\u00e9ration canadienne des syndicats d&#8217;infirmi\u00e8res et d&#8217;infirmiers (FCSI), le Syndicat national des employ\u00e9es et employ\u00e9s g\u00e9n\u00e9raux du secteur public (SNEGSP), le Syndicat canadien de la fonction publique (SCFP) et l&#8217;Alliance de la fonction publique du Canada (AFPC).<\/p>\n\n\n\n<figure class=\"wp-block-image size-full\"><img loading=\"lazy\" decoding=\"async\" width=\"1200\" height=\"630\" src=\"https:\/\/www.healthcoalition.ca\/wp-content\/uploads\/2025\/01\/sos-medicare-conference-2024-fb-FR.jpg\" alt=\"\" class=\"wp-image-17931\" srcset=\"https:\/\/www.healthcoalition.ca\/wp-content\/uploads\/2025\/01\/sos-medicare-conference-2024-fb-FR.jpg 1200w, https:\/\/www.healthcoalition.ca\/wp-content\/uploads\/2025\/01\/sos-medicare-conference-2024-fb-FR-300x158.jpg 300w, https:\/\/www.healthcoalition.ca\/wp-content\/uploads\/2025\/01\/sos-medicare-conference-2024-fb-FR-1024x538.jpg 1024w, https:\/\/www.healthcoalition.ca\/wp-content\/uploads\/2025\/01\/sos-medicare-conference-2024-fb-FR-768x403.jpg 768w\" sizes=\"auto, (max-width: 1200px) 100vw, 1200px\" \/><\/figure>\n\n\n\n<p class=\"has-text-align-center\"><strong>Conf\u00e9rence SOS Medicare 3.0 + formation \u00e0 l&#8217;action politique<\/strong><\/p>\n\n\n\n<p class=\"has-text-align-center\"><strong>24-25 f\u00e9vrier 2025<\/strong><\/p>\n\n\n\n<p class=\"has-text-align-center\"><strong>Le Westin Ottawa<\/strong><\/p>\n\n\n\n<p class=\"has-text-align-center\"><strong>11 Colonel By Drive<\/strong><\/p>\n\n\n\n<p class=\"has-text-align-center\"><strong>Ottawa, Ontario<\/strong><\/p>\n\n\n\n<p class=\"has-text-align-center\"><strong>Entr\u00e9e gratuite, une interpr\u00e9tation simultan\u00e9e sera assur\u00e9e. R\u00e9servez votre place.<\/strong><\/p>\n\n\n\n<div class=\"wp-block-buttons is-content-justification-center is-layout-flex wp-container-core-buttons-is-layout-16018d1d wp-block-buttons-is-layout-flex\">\n<div class=\"wp-block-button\"><a class=\"wp-block-button__link wp-element-button\" href=\"https:\/\/sosmedicare.ca\/fr\/sinscrire\/\" target=\"_blank\" rel=\"noreferrer noopener\">S&#8217;inscrire<\/a><\/div>\n<\/div>\n\n\n\n<figure class=\"wp-block-image is-style-rounded\"><img loading=\"lazy\" decoding=\"async\" width=\"150\" height=\"150\" src=\"https:\/\/www.healthcoalition.ca\/wp-content\/uploads\/2022\/08\/T-Glynn-Headshot-150x150.jpg\" alt=\"\" class=\"wp-image-7419\" srcset=\"https:\/\/www.healthcoalition.ca\/wp-content\/uploads\/2022\/08\/T-Glynn-Headshot-150x150.jpg 150w, https:\/\/www.healthcoalition.ca\/wp-content\/uploads\/2022\/08\/T-Glynn-Headshot-800x800.jpg 800w, https:\/\/www.healthcoalition.ca\/wp-content\/uploads\/2022\/08\/T-Glynn-Headshot-300x300.jpg 300w\" sizes=\"auto, (max-width: 150px) 100vw, 150px\" \/><figcaption>Tracy Glynn est la directrice des op\u00e9rations et des projets pour la Coalition canadienne de la sant\u00e9<\/figcaption><\/figure>\n","protected":false},"excerpt":{"rendered":"<p>Greg Marchildon publie un nouveau livre sur le p\u00e8re de Medicare<\/p>\n","protected":false},"author":129,"featured_media":3138,"comment_status":"closed","ping_status":"closed","sticky":false,"template":"","format":"standard","meta":{"give_campaign_id":0,"footnotes":""},"categories":[100],"tags":[],"class_list":["post-18008","post","type-post","status-publish","format-standard","has-post-thumbnail","hentry","category-event-fr"],"_links":{"self":[{"href":"https:\/\/www.healthcoalition.ca\/fr\/wp-json\/wp\/v2\/posts\/18008","targetHints":{"allow":["GET"]}}],"collection":[{"href":"https:\/\/www.healthcoalition.ca\/fr\/wp-json\/wp\/v2\/posts"}],"about":[{"href":"https:\/\/www.healthcoalition.ca\/fr\/wp-json\/wp\/v2\/types\/post"}],"author":[{"embeddable":true,"href":"https:\/\/www.healthcoalition.ca\/fr\/wp-json\/wp\/v2\/users\/129"}],"replies":[{"embeddable":true,"href":"https:\/\/www.healthcoalition.ca\/fr\/wp-json\/wp\/v2\/comments?post=18008"}],"version-history":[{"count":3,"href":"https:\/\/www.healthcoalition.ca\/fr\/wp-json\/wp\/v2\/posts\/18008\/revisions"}],"predecessor-version":[{"id":18013,"href":"https:\/\/www.healthcoalition.ca\/fr\/wp-json\/wp\/v2\/posts\/18008\/revisions\/18013"}],"wp:featuredmedia":[{"embeddable":true,"href":"https:\/\/www.healthcoalition.ca\/fr\/wp-json\/wp\/v2\/media\/3138"}],"wp:attachment":[{"href":"https:\/\/www.healthcoalition.ca\/fr\/wp-json\/wp\/v2\/media?parent=18008"}],"wp:term":[{"taxonomy":"category","embeddable":true,"href":"https:\/\/www.healthcoalition.ca\/fr\/wp-json\/wp\/v2\/categories?post=18008"},{"taxonomy":"post_tag","embeddable":true,"href":"https:\/\/www.healthcoalition.ca\/fr\/wp-json\/wp\/v2\/tags?post=18008"}],"curies":[{"name":"wp","href":"https:\/\/api.w.org\/{rel}","templated":true}]}}