{"id":18014,"date":"2025-02-06T11:05:35","date_gmt":"2025-02-06T15:05:35","guid":{"rendered":"https:\/\/www.healthcoalition.ca\/protegeons-le-canada-et-le-quebec-contre-les-menaces-de-ladministration-trump\/"},"modified":"2025-02-06T11:32:40","modified_gmt":"2025-02-06T15:32:40","slug":"protegeons-le-canada-et-le-quebec-contre-les-menaces-de-ladministration-trump","status":"publish","type":"post","link":"https:\/\/www.healthcoalition.ca\/fr\/protegeons-le-canada-et-le-quebec-contre-les-menaces-de-ladministration-trump\/","title":{"rendered":"Prot\u00e9geons le Canada et le Qu\u00e9bec contre les menaces de l\u2019administration Trump"},"content":{"rendered":"\n<p>Des universitaires, des artistes et des dirigeants politiques appellent les Canadiens et les Qu\u00e9b\u00e9cois \u00e0 s&#8217;unir <\/p>\n\n\n\n<p>Le pr\u00e9sident de la Coalition pour la sant\u00e9, Jason MacLean, s&#8217;est joint \u00e0 de nombreux Canadiens et Qu\u00e9b\u00e9cois bien connus qui s&#8217;engagent \u00e0 d\u00e9fendre la souverainet\u00e9 canadienne contre les menaces du pr\u00e9sident am\u00e9ricain Donald Trump.<\/p>\n\n\n\n<p>Lors d\u2019une conf\u00e9rence de presse \u00e0 la Tribune de presse \u00e0 Ottawa le 31 janvier 2025 on a lanc\u00e9 l\u2019Engagement pour le Canada, qui est non partisan et ouvert \u00e0 toutes et tous. Vous pouvez le <a href=\"https:\/\/engagement-canada-pledge.ca\/\" target=\"_blank\">signer ici<\/a>. <\/p>\n\n\n<div class=\"wp-block-image\">\n<figure class=\"aligncenter size-large\"><a href=\"https:\/\/engagement-canada-pledge.ca\/\" target=\"_blank\" rel=\" noreferrer noopener\"><img loading=\"lazy\" decoding=\"async\" width=\"819\" height=\"1024\" src=\"https:\/\/www.healthcoalition.ca\/wp-content\/uploads\/2025\/02\/1-Engagement-graphic-819x1024.png\" alt=\"\" class=\"wp-image-18019\" srcset=\"https:\/\/www.healthcoalition.ca\/wp-content\/uploads\/2025\/02\/1-Engagement-graphic-819x1024.png 819w, https:\/\/www.healthcoalition.ca\/wp-content\/uploads\/2025\/02\/1-Engagement-graphic-240x300.png 240w, https:\/\/www.healthcoalition.ca\/wp-content\/uploads\/2025\/02\/1-Engagement-graphic-768x960.png 768w, https:\/\/www.healthcoalition.ca\/wp-content\/uploads\/2025\/02\/1-Engagement-graphic.png 1080w\" sizes=\"auto, (max-width: 819px) 100vw, 819px\" \/><\/a><\/figure>\n<\/div>\n\n\n<p>Parmi les autres signataires ont trouve Magali Picard, Arcade Fire, Daniel Cloutier, Caroline Brouillette, Pam Palmeter, Allan Rock, David Suzuki, Kim Campbell, Cindy Blackstock, Ron Sexsmith, Mark Tewksbury, Lloyd Axworthy, Maude Barlow, Danny Williams, Kathleen Wynne, Loreena McKennit et bien d&#8217;autres encore. <\/p>\n\n\n\n<p>\u00ab Les menaces de coercition \u00e9conomique de la part des \u00c9tats-Unis, notre voisin et principal partenaire commercial, font peser de graves risques sur le bien-\u00eatre des Canadiens et sur notre droit souverain \u00e0 d\u00e9terminer notre destin politique, \u00e9conomique, social et culturel \u00bb, peut-on lire dans l&#8217;Engagement pour le Canada.<\/p>\n\n\n\n<figure class=\"wp-block-image size-large\"><img loading=\"lazy\" decoding=\"async\" width=\"1024\" height=\"683\" src=\"https:\/\/www.healthcoalition.ca\/wp-content\/uploads\/2025\/02\/PledgeForCanada-1008-X3-1-1024x683.jpg\" alt=\"\" class=\"wp-image-17994\" srcset=\"https:\/\/www.healthcoalition.ca\/wp-content\/uploads\/2025\/02\/PledgeForCanada-1008-X3-1-1024x683.jpg 1024w, https:\/\/www.healthcoalition.ca\/wp-content\/uploads\/2025\/02\/PledgeForCanada-1008-X3-1-300x200.jpg 300w, https:\/\/www.healthcoalition.ca\/wp-content\/uploads\/2025\/02\/PledgeForCanada-1008-X3-1-768x512.jpg 768w, https:\/\/www.healthcoalition.ca\/wp-content\/uploads\/2025\/02\/PledgeForCanada-1008-X3-1-1536x1024.jpg 1536w, https:\/\/www.healthcoalition.ca\/wp-content\/uploads\/2025\/02\/PledgeForCanada-1008-X3-1.jpg 1600w\" sizes=\"auto, (max-width: 1024px) 100vw, 1024px\" \/><figcaption class=\"wp-element-caption\"><em>De gauche \u00e0 droite : Charlie Angus, d\u00e9put\u00e9 n\u00e9o-d\u00e9mocrate de Timmins-Baie James, Anne Lagac\u00e9 Dowson, Directrice des m\u00e9dias, Coalition canadienne de la sant\u00e9, et John Cartwright, pr\u00e9sident du Conseil des Canadiens, lancent l&#8217;Engagement pour le Canada lors d&#8217;une conf\u00e9rence de presse sur la Colline du Parlement, le 31 janvier 2025. Photo prise par John Major.<\/em><\/figcaption><\/figure>\n\n\n\n<p>Le pr\u00e9sident Trump a <a href=\"https:\/\/www.cp24.com\/news\/world\/2025\/01\/24\/trump-says-canada-would-have-much-better-health-coverage-as-a-state\/\" target=\"_blank\">menac\u00e9 le Canada d\u2019annexation en tant que \u00ab 51e \u00c9tat \u00bb<\/a> et a d\u00e9clar\u00e9 que si nous \u00e9tions Am\u00e9ricains nous paierions moins d&#8217;imp\u00f4ts et b\u00e9n\u00e9ficierions d&#8217;une \u00ab meilleure couverture sant\u00e9 \u00bb.  \r\n\r\nMais la v\u00e9rit\u00e9 est que le syst\u00e8me de sant\u00e9 am\u00e9ricain est bien pire que celui du Canada et que l&#8217;adh\u00e9sion aux \u00c9tats-Unis se traduirait par des co\u00fbts plus \u00e9lev\u00e9s et des obstacles \u00e0 l&#8217;obtention de soins pour des millions de personnes.<\/p>\n\n\n\n<p>Une \u00e9tude publi\u00e9e par <a href=\"https:\/\/www.ejmanager.com\/mnstemps\/16\/16-1336502968.pdf?t=1738786771\" target=\"_blank\">Materia Socio-Medica<\/a>, l&#8217;une des plus anciennes publications portant sur la sant\u00e9 publique en Europe, a constat\u00e9 que &#8220;compar\u00e9 au syst\u00e8me am\u00e9ricain, le syst\u00e8me canadien a des co\u00fbts moins \u00e9lev\u00e9s, davantage de services, un acc\u00e8s universel aux soins de sant\u00e9 sans barri\u00e8res financi\u00e8res et un \u00e9tat de sant\u00e9 sup\u00e9rieur. Les Canadiens et les Allemands ont une esp\u00e9rance de vie plus longue et des taux de mortalit\u00e9 infantile plus faibles que les Am\u00e9ricains.<\/p>\n\n\n\n<p>Selon le <a href=\"https:\/\/www.bls.gov\/news.release\/cesan.nr0.htm\" target=\"_blank\">Bureau of Labor Statistics<\/a>, le consommateur am\u00e9ricain moyen a d\u00e9pens\u00e9 environ 5 300 dollars en assurance maladie et en services m\u00e9dicaux en 2023.<\/p>\n\n\n\n<figure class=\"wp-block-gallery has-nested-images columns-default is-cropped wp-block-gallery-1 is-layout-flex wp-block-gallery-is-layout-flex\">\n<figure class=\"wp-block-image size-large\"><img loading=\"lazy\" decoding=\"async\" width=\"540\" height=\"540\" data-id=\"17984\" src=\"https:\/\/www.healthcoalition.ca\/wp-content\/uploads\/2025\/02\/david-suzuki-expert-540x540-copy.jpg\" alt=\"\" class=\"wp-image-17984\" srcset=\"https:\/\/www.healthcoalition.ca\/wp-content\/uploads\/2025\/02\/david-suzuki-expert-540x540-copy.jpg 540w, https:\/\/www.healthcoalition.ca\/wp-content\/uploads\/2025\/02\/david-suzuki-expert-540x540-copy-300x300.jpg 300w, https:\/\/www.healthcoalition.ca\/wp-content\/uploads\/2025\/02\/david-suzuki-expert-540x540-copy-150x150.jpg 150w\" sizes=\"auto, (max-width: 540px) 100vw, 540px\" \/><\/figure>\n\n\n\n<figure class=\"wp-block-image size-full\"><img loading=\"lazy\" decoding=\"async\" width=\"720\" height=\"1000\" data-id=\"17990\" src=\"https:\/\/www.healthcoalition.ca\/wp-content\/uploads\/2025\/02\/RonSexsmithWebpromo4_optimized-1.jpg\" alt=\"\" class=\"wp-image-17990\" srcset=\"https:\/\/www.healthcoalition.ca\/wp-content\/uploads\/2025\/02\/RonSexsmithWebpromo4_optimized-1.jpg 720w, https:\/\/www.healthcoalition.ca\/wp-content\/uploads\/2025\/02\/RonSexsmithWebpromo4_optimized-1-216x300.jpg 216w\" sizes=\"auto, (max-width: 720px) 100vw, 720px\" \/><\/figure>\n\n\n\n<figure class=\"wp-block-image size-large\"><img loading=\"lazy\" decoding=\"async\" width=\"160\" height=\"219\" data-id=\"17986\" src=\"https:\/\/www.healthcoalition.ca\/wp-content\/uploads\/2025\/02\/cindy.2.jpg\" alt=\"\" class=\"wp-image-17986\"\/><\/figure>\n<\/figure>\n\n\n\n<p>De gauche \u00e0 droite : David Suzuki (photo : Fondation David Suzuki), Ron Sexsmith (photo : ronsexsmith.com) et Cindy Blackstock (photo : Universit\u00e9 McGill).<\/p>\n\n\n\n<p>Tout le monde est invit\u00e9 \u00e0 ajouter son nom \u00e0 <a href=\"https:\/\/engagement-canada-pledge.ca\/\" target=\"_blank\">l\u2019engagement pour le Canada<\/a>.<\/p>\n\n\n\n<figure class=\"wp-block-image size-thumbnail is-style-rounded\"><img loading=\"lazy\" decoding=\"async\" width=\"150\" height=\"150\" src=\"https:\/\/www.healthcoalition.ca\/wp-content\/uploads\/2022\/06\/014_Steve_Health-Coalition_BalfourPhoto_High-Resolution-150x150.jpg\" alt=\"\" class=\"wp-image-7051\" srcset=\"https:\/\/www.healthcoalition.ca\/wp-content\/uploads\/2022\/06\/014_Steve_Health-Coalition_BalfourPhoto_High-Resolution-150x150.jpg 150w, https:\/\/www.healthcoalition.ca\/wp-content\/uploads\/2022\/06\/014_Steve_Health-Coalition_BalfourPhoto_High-Resolution-300x300.jpg 300w, https:\/\/www.healthcoalition.ca\/wp-content\/uploads\/2022\/06\/014_Steve_Health-Coalition_BalfourPhoto_High-Resolution-1024x1024.jpg 1024w, https:\/\/www.healthcoalition.ca\/wp-content\/uploads\/2022\/06\/014_Steve_Health-Coalition_BalfourPhoto_High-Resolution-768x768.jpg 768w, https:\/\/www.healthcoalition.ca\/wp-content\/uploads\/2022\/06\/014_Steve_Health-Coalition_BalfourPhoto_High-Resolution-1536x1536.jpg 1536w, https:\/\/www.healthcoalition.ca\/wp-content\/uploads\/2022\/06\/014_Steve_Health-Coalition_BalfourPhoto_High-Resolution-2048x2048.jpg 2048w, https:\/\/www.healthcoalition.ca\/wp-content\/uploads\/2022\/06\/014_Steve_Health-Coalition_BalfourPhoto_High-Resolution-800x800.jpg 800w\" sizes=\"auto, (max-width: 150px) 100vw, 150px\" \/><figcaption>Steven Staples est le directeur national des politiques et du plaidoyer de la Coalition canadienne de la sant\u00e9<\/figcaption><\/figure>\n","protected":false},"excerpt":{"rendered":"<p>La Coalition pour la sant\u00e9 soutient l&#8217;Engagement pour le Canada<\/p>\n","protected":false},"author":131,"featured_media":17993,"comment_status":"closed","ping_status":"closed","sticky":false,"template":"","format":"standard","meta":{"give_campaign_id":0,"footnotes":""},"categories":[137],"tags":[],"class_list":["post-18014","post","type-post","status-publish","format-standard","has-post-thumbnail","hentry","category-nouvelles-fr"],"_links":{"self":[{"href":"https:\/\/www.healthcoalition.ca\/fr\/wp-json\/wp\/v2\/posts\/18014","targetHints":{"allow":["GET"]}}],"collection":[{"href":"https:\/\/www.healthcoalition.ca\/fr\/wp-json\/wp\/v2\/posts"}],"about":[{"href":"https:\/\/www.healthcoalition.ca\/fr\/wp-json\/wp\/v2\/types\/post"}],"author":[{"embeddable":true,"href":"https:\/\/www.healthcoalition.ca\/fr\/wp-json\/wp\/v2\/users\/131"}],"replies":[{"embeddable":true,"href":"https:\/\/www.healthcoalition.ca\/fr\/wp-json\/wp\/v2\/comments?post=18014"}],"version-history":[{"count":5,"href":"https:\/\/www.healthcoalition.ca\/fr\/wp-json\/wp\/v2\/posts\/18014\/revisions"}],"predecessor-version":[{"id":18023,"href":"https:\/\/www.healthcoalition.ca\/fr\/wp-json\/wp\/v2\/posts\/18014\/revisions\/18023"}],"wp:featuredmedia":[{"embeddable":true,"href":"https:\/\/www.healthcoalition.ca\/fr\/wp-json\/wp\/v2\/media\/17993"}],"wp:attachment":[{"href":"https:\/\/www.healthcoalition.ca\/fr\/wp-json\/wp\/v2\/media?parent=18014"}],"wp:term":[{"taxonomy":"category","embeddable":true,"href":"https:\/\/www.healthcoalition.ca\/fr\/wp-json\/wp\/v2\/categories?post=18014"},{"taxonomy":"post_tag","embeddable":true,"href":"https:\/\/www.healthcoalition.ca\/fr\/wp-json\/wp\/v2\/tags?post=18014"}],"curies":[{"name":"wp","href":"https:\/\/api.w.org\/{rel}","templated":true}]}}