{"id":20898,"date":"2025-09-18T16:45:50","date_gmt":"2025-09-18T20:45:50","guid":{"rendered":"https:\/\/www.healthcoalition.ca\/les-chercheurs-exploreront-les-determinants-sociaux-de-la-sante-et-la-facon-dont-le-profit-aggrave-les-inegalites-en-matiere-de-sante\/"},"modified":"2025-09-21T11:36:31","modified_gmt":"2025-09-21T15:36:31","slug":"les-chercheurs-exploreront-les-determinants-sociaux-de-la-sante-et-la-facon-dont-le-profit-aggrave-les-inegalites-en-matiere-de-sante","status":"publish","type":"post","link":"https:\/\/www.healthcoalition.ca\/fr\/les-chercheurs-exploreront-les-determinants-sociaux-de-la-sante-et-la-facon-dont-le-profit-aggrave-les-inegalites-en-matiere-de-sante\/","title":{"rendered":"Les chercheurs exploreront les d\u00e9terminants sociaux de la sant\u00e9 et la fa\u00e7on dont le profit aggrave les in\u00e9galit\u00e9s en mati\u00e8re de sant\u00e9"},"content":{"rendered":"\n<p>Les d\u00e9terminants sociaux de la sant\u00e9 d\u00e9signent les conditions sociales et \u00e9conomiques qui influent sur la sant\u00e9 d\u2019une personne. Le revenu, les conditions de travail, l\u2019\u00e9ducation et l\u2019alphab\u00e9tisation, la s\u00e9curit\u00e9 alimentaire, le sexe, la race\/le racisme et l\u2019acc\u00e8s aux soins de sant\u00e9 ne sont que quelques-uns des d\u00e9terminants sociaux de la sant\u00e9. <\/p>\n\n\n\n<p>Apprenez-en davantage aupr\u00e8s de chercheurs pr\u00e9occup\u00e9s par le profit dans les soins de sant\u00e9 en ce qui concerne les d\u00e9terminants sociaux de la sant\u00e9 lors <a href=\"https:\/\/www.healthcoalition.ca\/fr\/une-table-ronde-de-recherche-pour-examiner-le-probleme-du-profit-dans-les-soins-de-sante-publics-au-canada\/\" target=\"_blank\">d\u2019une table ronde de recherche sur la profitabilit\u00e9 des soins de sant\u00e9 au Canada en octobre<\/a>.<\/p>\n\n\n\n<p>La table ronde de recherche d\u2019une journ\u00e9e \u00e0 l\u2019Universit\u00e9 d\u2019Ottawa, le 23 octobre, est organis\u00e9e par la Coalition canadienne de la sant\u00e9 et <a href=\"https:\/\/www.ottawahealthlaw.ca\/fr\" target=\"_blank\">le Centre de droit, de politique et d\u2019\u00e9thique de la sant\u00e9 de l\u2019Universit\u00e9 d\u2019Ottawa<\/a>.<\/p>\n\n\n\n<p>La table ronde de recherche comprendra un groupe d\u2019experts se composant des chercheurs les plus \u00e9minents du pays en mati\u00e8re de financiarisation des soins de sant\u00e9. Les places sont limit\u00e9es et nous vous encourageons \u00e0 vous inscrire \u00e0 l\u2019avance. La date limite pour vous inscrire est le 30 septembre.<\/p>\n\n\n\n<hr class=\"wp-block-separator has-alpha-channel-opacity\"\/>\n\n\n\n<div class=\"wp-block-buttons is-content-justification-center is-layout-flex wp-container-core-buttons-is-layout-16018d1d wp-block-buttons-is-layout-flex\">\n<div class=\"wp-block-button\"><a class=\"wp-block-button__link wp-element-button\" href=\"https:\/\/healthcoalition.wufoo.com\/forms\/q1trpbnr02xz7tw\/\" target=\"_blank\" rel=\"noreferrer noopener\">S&#8217;inscrire<\/a><\/div>\n<\/div>\n\n\n\n<hr class=\"wp-block-separator has-alpha-channel-opacity\"\/>\n\n\n\n<p>Marc-Andr\u00e9 Gagnon, Zakariya Thraya, Tim Aubry et Donna Wilson prendront la parole \u00e0 titre d\u2019experts.<\/p>\n\n\n\n<p>L\u2019acc\u00e8s aux m\u00e9dicaments est consid\u00e9r\u00e9 comme un d\u00e9terminant social de la sant\u00e9 parce qu\u2019il influe sur les r\u00e9sultats pour la sant\u00e9. Les disparit\u00e9s dans l\u2019acc\u00e8s aux m\u00e9dicaments peuvent provenir du statut socio-\u00e9conomique, de l\u2019\u00e9ducation, de la situation g\u00e9ographique et de la discrimination syst\u00e9mique. Lorsque les individus ne peuvent pas se permettre les m\u00e9dicaments n\u00e9cessaires, leur capacit\u00e9 \u00e0 g\u00e9rer les maladies chroniques et \u00e0 respecter les plans de traitement est consid\u00e9rablement diminu\u00e9e, ce qui entra\u00eene des r\u00e9sultats m\u00e9diocres pour la sant\u00e9.<\/p>\n\n\n\n<p>Marc-Andr\u00e9 Gagnon, professeur d\u2019\u00e9conomie politique \u00e0 l\u2019Universit\u00e9 Carleton, explore ce ph\u00e9nom\u00e8ne plus en d\u00e9tail avec une \u00e9tude de cas. Il parlera des d\u00e9fis en mati\u00e8re d\u2019acc\u00e8s et d\u2019abordabilit\u00e9 des m\u00e9dicaments d\u2019ordonnance dans les communaut\u00e9s autochtones de l\u2019Ontario.<\/p>\n\n\n\n<p>Gagnon souligne qu\u2019\u00ab il n\u2019existe pas de donn\u00e9es syst\u00e9matiques permettant de comprendre les probl\u00e8mes potentiels d\u2019acc\u00e8s et d\u2019abordabilit\u00e9 des m\u00e9dicaments d\u2019ordonnance auxquels sont confront\u00e9s les membres des Premi\u00e8res Nations vivant dans les r\u00e9serves \u00bb. Gagnon et son \u00e9quipe de recherche effectuent une analyse de l\u2019environnement afin de mieux comprendre les probl\u00e8mes actuels auxquels font face les communaut\u00e9s autochtones de l\u2019Ontario pour acc\u00e9der aux m\u00e9dicaments sur ordonnance.<\/p>\n\n\n\n<p>Gagnon et son \u00e9quipe ont constat\u00e9 des difficult\u00e9s g\u00e9ographiques pour acc\u00e9der aux m\u00e9dicaments n\u00e9cessaires en temps opportun. Ils ont \u00e9galement not\u00e9 le refus de d\u00e9livrer des m\u00e9dicaments sur ordonnance en raison de leur statut autochtone. De plus, ils ont observ\u00e9 des obstacles administratifs dus au refus des assureurs concurrents d\u2019\u00eatre des payeurs de premier recours.<\/p>\n\n\n\n<p>Le logement est un autre d\u00e9terminant social de la sant\u00e9. Arnel Borras dans son nouveau livre, <a href=\"https:\/\/fernwoodpublishing.ca\/book\/health-and-health-care-inequities\" target=\"_blank\" rel=\"noreferrer noopener\"><em>Health and Health Care Inequities<\/em><\/a><a href=\"https:\/\/fernwoodpublishing.ca\/book\/health-and-health-care-inequities\" target=\"_blank\"><\/a> (Fernwood), consacre un chapitre au logement. Il \u00e9crit : \u00ab Un logement de mauvaise qualit\u00e9 nuit \u00e0 notre sant\u00e9 physique, mentale et psychosociale. Des logements insalubres entra\u00eenent plus de maladies et de d\u00e9c\u00e8s chez les travailleurs \u00e0 faible revenu et les personnes vivant dans la pauvret\u00e9 \u00bb.<\/p>\n\n\n\n<p>Zakariya Thraya, analyste principale des politiques et de la recherche \u00e0 la Commission de la sant\u00e9 mentale du Canada et Tim Aubry, professeur \u00e9m\u00e9rite \u00e0 l\u2019Universit\u00e9 d\u2019Ottawa, discutent de la n\u00e9cessit\u00e9 d\u2019une strat\u00e9gie de logement prioritaire pour aborder l\u2019itin\u00e9rance des personnes ayant des probl\u00e8mes complexes de sant\u00e9 mentale et de toxicomanie \u00e0 la table ronde sur la recherche.<\/p>\n\n\n\n<p>Thraya et Aubry ont soutenu que la recherche montre que le logement avec services de soutien, un important d\u00e9terminant social de la sant\u00e9, entra\u00eene une am\u00e9lioration des r\u00e9sultats en mati\u00e8re de sant\u00e9 et une diminution des co\u00fbts dans les syst\u00e8mes de sant\u00e9, de services sociaux et de justice.<\/p>\n\n\n\n<p>Comment le motif de profit affecte-t-il les initiatives de logement prioritaire? Thraya et Aubry affirment que \u00ab malgr\u00e9 des preuves solides, un facteur limitant l\u2019adoption g\u00e9n\u00e9ralis\u00e9e du logement prioritaire \u00e0 travers le pays est l\u2019augmentation de la privatisation dans les services de soins de sant\u00e9 et de logement au cours de la derni\u00e8re d\u00e9cennie \u00bb. Constatant une aggravation de la crise du logement, des taux accrus d\u2019itin\u00e9rance chez les personnes ayant des pr\u00e9occupations en mati\u00e8re de sant\u00e9 mentale et de toxicomanie, et des pressions \u00e9conomiques croissantes, les chercheurs appellent \u00e0 soutenir le logement prioritaire \u00ab comme moyen de relever les d\u00e9fis pos\u00e9s par la privatisation accrue des services de sant\u00e9 et de logement \u00bb.<\/p>\n\n\n\n<p>L\u2019endroit o\u00f9 on vit et l\u2019acc\u00e8s aux soins de sant\u00e9 sont d\u2019autres d\u00e9terminants sociaux cl\u00e9s de la sant\u00e9. De nombreux Canadiens sont reconnaissants de notre syst\u00e8me de soins de sant\u00e9 par rapport \u00e0 celui des \u00c9tats-Unis, o\u00f9 les gens font faillite s\u2019ils tombent malades.<\/p>\n\n\n\n<p>Donna M. Wilson, une infirmi\u00e8re autoris\u00e9e et professeure \u00e9m\u00e9rite \u00e0 l\u2019Universit\u00e9 de l\u2019Alberta, parlera de ses recherches sur l\u2019acc\u00e8s aux soins de sant\u00e9 au Canada et aux \u00c9tats-Unis.<\/p>\n\n\n\n<p>Wilson examinera comment 200 millions d\u2019Am\u00e9ricains sont forc\u00e9s de \u00ab compter sur une assurance maladie fournie par leur emploi, une assurance maladie achet\u00e9e au priv\u00e9, ou sur la chance, en esp\u00e9rant qu\u2019ils n\u2019auront pas besoin de services de sant\u00e9 ou qu\u2019ils pourront compter sur des services caritatifs pour les personnes indigentes ayant besoin de soins d\u2019urgence \u00bb.<\/p>\n\n\n\n<p>Wilson discutera des diff\u00e9rents r\u00e9sultats pour la sant\u00e9 auxquels on peut s\u2019attendre entre les citoyens am\u00e9ricains et canadiens. Elle comparera les taux de faillite, les taux de mortalit\u00e9 et de morbidit\u00e9 et l\u2019\u00e2ge au moment du d\u00e9c\u00e8s dans les deux pays. Elle examinera \u00e9galement \u00ab la r\u00e9alisation de profits, une force motrice au sein du syst\u00e8me am\u00e9ricain et qui pourrait devenir plus probl\u00e9matique au Canada \u00bb.<\/p>\n\n\n\n<figure class=\"wp-block-image size-large\"><img loading=\"lazy\" decoding=\"async\" width=\"1024\" height=\"512\" src=\"https:\/\/www.healthcoalition.ca\/wp-content\/uploads\/2025\/05\/Canada-s-Health-Care-Profitization-Problem-web-FR-1024x512.jpg\" alt=\"\" class=\"wp-image-19377\" srcset=\"https:\/\/www.healthcoalition.ca\/wp-content\/uploads\/2025\/05\/Canada-s-Health-Care-Profitization-Problem-web-FR-1024x512.jpg 1024w, https:\/\/www.healthcoalition.ca\/wp-content\/uploads\/2025\/05\/Canada-s-Health-Care-Profitization-Problem-web-FR-300x150.jpg 300w, https:\/\/www.healthcoalition.ca\/wp-content\/uploads\/2025\/05\/Canada-s-Health-Care-Profitization-Problem-web-FR-768x384.jpg 768w, https:\/\/www.healthcoalition.ca\/wp-content\/uploads\/2025\/05\/Canada-s-Health-Care-Profitization-Problem-web-FR.jpg 1200w\" sizes=\"auto, (max-width: 1024px) 100vw, 1024px\" \/><\/figure>\n\n\n\n<p><\/p>\n\n\n\n<p>Les prochains billets de blogue mettront en vedette d\u2019autres chercheurs qui offriront une conf\u00e9rence \u00e0 la table ronde de recherche de cette ann\u00e9e.<\/p>\n\n\n\n<p>La date limite pour <a href=\"https:\/\/healthcoalition.wufoo.com\/forms\/q1trpbnr02xz7tw\/\" target=\"_blank\">s\u2019inscrire<\/a> est le 30 septembre. <\/p>\n\n\n\n<ul class=\"wp-block-social-links aligncenter has-normal-icon-size is-content-justification-center is-layout-flex wp-container-core-social-links-is-layout-16018d1d wp-block-social-links-is-layout-flex\"><li class=\"wp-social-link wp-social-link-facebook  wp-block-social-link\"><a href=\"https:\/\/www.facebook.com\/coalitionsante\/\" class=\"wp-block-social-link-anchor\"><svg width=\"24\" height=\"24\" viewBox=\"0 0 24 24\" version=\"1.1\" xmlns=\"http:\/\/www.w3.org\/2000\/svg\" aria-hidden=\"true\" focusable=\"false\"><path d=\"M12 2C6.5 2 2 6.5 2 12c0 5 3.7 9.1 8.4 9.9v-7H7.9V12h2.5V9.8c0-2.5 1.5-3.9 3.8-3.9 1.1 0 2.2.2 2.2.2v2.5h-1.3c-1.2 0-1.6.8-1.6 1.6V12h2.8l-.4 2.9h-2.3v7C18.3 21.1 22 17 22 12c0-5.5-4.5-10-10-10z\"><\/path><\/svg><span class=\"wp-block-social-link-label screen-reader-text\">Facebook<\/span><\/a><\/li>\n\n<li class=\"wp-social-link wp-social-link-x  wp-block-social-link\"><a href=\"https:\/\/x.com\/CoalitionSante\" class=\"wp-block-social-link-anchor\"><svg width=\"24\" height=\"24\" viewBox=\"0 0 24 24\" version=\"1.1\" xmlns=\"http:\/\/www.w3.org\/2000\/svg\" aria-hidden=\"true\" focusable=\"false\"><path d=\"M13.982 10.622 20.54 3h-1.554l-5.693 6.618L8.745 3H3.5l6.876 10.007L3.5 21h1.554l6.012-6.989L15.868 21h5.245l-7.131-10.378Zm-2.128 2.474-.697-.997-5.543-7.93H8l4.474 6.4.697.996 5.815 8.318h-2.387l-4.745-6.787Z\" \/><\/svg><span class=\"wp-block-social-link-label screen-reader-text\">X<\/span><\/a><\/li>\n\n<li class=\"wp-social-link wp-social-link-instagram  wp-block-social-link\"><a href=\"https:\/\/www.instagram.com\/cdnhealthcoalition\/\" class=\"wp-block-social-link-anchor\"><svg width=\"24\" height=\"24\" viewBox=\"0 0 24 24\" version=\"1.1\" xmlns=\"http:\/\/www.w3.org\/2000\/svg\" aria-hidden=\"true\" focusable=\"false\"><path d=\"M12,4.622c2.403,0,2.688,0.009,3.637,0.052c0.877,0.04,1.354,0.187,1.671,0.31c0.42,0.163,0.72,0.358,1.035,0.673 c0.315,0.315,0.51,0.615,0.673,1.035c0.123,0.317,0.27,0.794,0.31,1.671c0.043,0.949,0.052,1.234,0.052,3.637 s-0.009,2.688-0.052,3.637c-0.04,0.877-0.187,1.354-0.31,1.671c-0.163,0.42-0.358,0.72-0.673,1.035 c-0.315,0.315-0.615,0.51-1.035,0.673c-0.317,0.123-0.794,0.27-1.671,0.31c-0.949,0.043-1.233,0.052-3.637,0.052 s-2.688-0.009-3.637-0.052c-0.877-0.04-1.354-0.187-1.671-0.31c-0.42-0.163-0.72-0.358-1.035-0.673 c-0.315-0.315-0.51-0.615-0.673-1.035c-0.123-0.317-0.27-0.794-0.31-1.671C4.631,14.688,4.622,14.403,4.622,12 s0.009-2.688,0.052-3.637c0.04-0.877,0.187-1.354,0.31-1.671c0.163-0.42,0.358-0.72,0.673-1.035 c0.315-0.315,0.615-0.51,1.035-0.673c0.317-0.123,0.794-0.27,1.671-0.31C9.312,4.631,9.597,4.622,12,4.622 M12,3 C9.556,3,9.249,3.01,8.289,3.054C7.331,3.098,6.677,3.25,6.105,3.472C5.513,3.702,5.011,4.01,4.511,4.511 c-0.5,0.5-0.808,1.002-1.038,1.594C3.25,6.677,3.098,7.331,3.054,8.289C3.01,9.249,3,9.556,3,12c0,2.444,0.01,2.751,0.054,3.711 c0.044,0.958,0.196,1.612,0.418,2.185c0.23,0.592,0.538,1.094,1.038,1.594c0.5,0.5,1.002,0.808,1.594,1.038 c0.572,0.222,1.227,0.375,2.185,0.418C9.249,20.99,9.556,21,12,21s2.751-0.01,3.711-0.054c0.958-0.044,1.612-0.196,2.185-0.418 c0.592-0.23,1.094-0.538,1.594-1.038c0.5-0.5,0.808-1.002,1.038-1.594c0.222-0.572,0.375-1.227,0.418-2.185 C20.99,14.751,21,14.444,21,12s-0.01-2.751-0.054-3.711c-0.044-0.958-0.196-1.612-0.418-2.185c-0.23-0.592-0.538-1.094-1.038-1.594 c-0.5-0.5-1.002-0.808-1.594-1.038c-0.572-0.222-1.227-0.375-2.185-0.418C14.751,3.01,14.444,3,12,3L12,3z M12,7.378 c-2.552,0-4.622,2.069-4.622,4.622S9.448,16.622,12,16.622s4.622-2.069,4.622-4.622S14.552,7.378,12,7.378z M12,15 c-1.657,0-3-1.343-3-3s1.343-3,3-3s3,1.343,3,3S13.657,15,12,15z M16.804,6.116c-0.596,0-1.08,0.484-1.08,1.08 s0.484,1.08,1.08,1.08c0.596,0,1.08-0.484,1.08-1.08S17.401,6.116,16.804,6.116z\"><\/path><\/svg><span class=\"wp-block-social-link-label screen-reader-text\">Instagram<\/span><\/a><\/li>\n\n<li class=\"wp-social-link wp-social-link-linkedin  wp-block-social-link\"><a href=\"https:\/\/www.linkedin.com\/company\/canadian-health-coalition-coalition-canadienne-pour-la-sant%C3%A9\/posts\/?feedView=all\" class=\"wp-block-social-link-anchor\"><svg width=\"24\" height=\"24\" viewBox=\"0 0 24 24\" version=\"1.1\" xmlns=\"http:\/\/www.w3.org\/2000\/svg\" aria-hidden=\"true\" focusable=\"false\"><path d=\"M19.7,3H4.3C3.582,3,3,3.582,3,4.3v15.4C3,20.418,3.582,21,4.3,21h15.4c0.718,0,1.3-0.582,1.3-1.3V4.3 C21,3.582,20.418,3,19.7,3z M8.339,18.338H5.667v-8.59h2.672V18.338z M7.004,8.574c-0.857,0-1.549-0.694-1.549-1.548 c0-0.855,0.691-1.548,1.549-1.548c0.854,0,1.547,0.694,1.547,1.548C8.551,7.881,7.858,8.574,7.004,8.574z M18.339,18.338h-2.669 v-4.177c0-0.996-0.017-2.278-1.387-2.278c-1.389,0-1.601,1.086-1.601,2.206v4.249h-2.667v-8.59h2.559v1.174h0.037 c0.356-0.675,1.227-1.387,2.526-1.387c2.703,0,3.203,1.779,3.203,4.092V18.338z\"><\/path><\/svg><span class=\"wp-block-social-link-label screen-reader-text\">LinkedIn<\/span><\/a><\/li>\n\n<li class=\"wp-social-link wp-social-link-tiktok  wp-block-social-link\"><a href=\"https:\/\/www.tiktok.com\/@healthcoalition?lang=en\" class=\"wp-block-social-link-anchor\"><svg width=\"24\" height=\"24\" viewBox=\"0 0 32 32\" version=\"1.1\" xmlns=\"http:\/\/www.w3.org\/2000\/svg\" aria-hidden=\"true\" focusable=\"false\"><path d=\"M16.708 0.027c1.745-0.027 3.48-0.011 5.213-0.027 0.105 2.041 0.839 4.12 2.333 5.563 1.491 1.479 3.6 2.156 5.652 2.385v5.369c-1.923-0.063-3.855-0.463-5.6-1.291-0.76-0.344-1.468-0.787-2.161-1.24-0.009 3.896 0.016 7.787-0.025 11.667-0.104 1.864-0.719 3.719-1.803 5.255-1.744 2.557-4.771 4.224-7.88 4.276-1.907 0.109-3.812-0.411-5.437-1.369-2.693-1.588-4.588-4.495-4.864-7.615-0.032-0.667-0.043-1.333-0.016-1.984 0.24-2.537 1.495-4.964 3.443-6.615 2.208-1.923 5.301-2.839 8.197-2.297 0.027 1.975-0.052 3.948-0.052 5.923-1.323-0.428-2.869-0.308-4.025 0.495-0.844 0.547-1.485 1.385-1.819 2.333-0.276 0.676-0.197 1.427-0.181 2.145 0.317 2.188 2.421 4.027 4.667 3.828 1.489-0.016 2.916-0.88 3.692-2.145 0.251-0.443 0.532-0.896 0.547-1.417 0.131-2.385 0.079-4.76 0.095-7.145 0.011-5.375-0.016-10.735 0.025-16.093z\" \/><\/svg><span class=\"wp-block-social-link-label screen-reader-text\">TikTok<\/span><\/a><\/li>\n\n<li class=\"wp-social-link wp-social-link-bluesky  wp-block-social-link\"><a href=\"https:\/\/bsky.app\/profile\/cdnhealthcoalition.bsky.social\" class=\"wp-block-social-link-anchor\"><svg width=\"24\" height=\"24\" viewBox=\"0 0 24 24\" version=\"1.1\" xmlns=\"http:\/\/www.w3.org\/2000\/svg\" aria-hidden=\"true\" focusable=\"false\"><path d=\"M6.3,4.2c2.3,1.7,4.8,5.3,5.7,7.2.9-1.9,3.4-5.4,5.7-7.2,1.7-1.3,4.3-2.2,4.3.9s-.4,5.2-.6,5.9c-.7,2.6-3.3,3.2-5.6,2.8,4,.7,5.1,3,2.9,5.3-5,5.2-6.7-2.8-6.7-2.8,0,0-1.7,8-6.7,2.8-2.2-2.3-1.2-4.6,2.9-5.3-2.3.4-4.9-.3-5.6-2.8-.2-.7-.6-5.3-.6-5.9,0-3.1,2.7-2.1,4.3-.9h0Z\"><\/path><\/svg><span class=\"wp-block-social-link-label screen-reader-text\">Bluesky<\/span><\/a><\/li><\/ul>\n\n\n\n<figure class=\"wp-block-image is-style-rounded\"><img loading=\"lazy\" decoding=\"async\" width=\"150\" height=\"150\" src=\"https:\/\/www.healthcoalition.ca\/wp-content\/uploads\/2022\/08\/T-Glynn-Headshot-150x150.jpg\" alt=\"\" class=\"wp-image-7419\" srcset=\"https:\/\/www.healthcoalition.ca\/wp-content\/uploads\/2022\/08\/T-Glynn-Headshot-150x150.jpg 150w, https:\/\/www.healthcoalition.ca\/wp-content\/uploads\/2022\/08\/T-Glynn-Headshot-800x800.jpg 800w, https:\/\/www.healthcoalition.ca\/wp-content\/uploads\/2022\/08\/T-Glynn-Headshot-300x300.jpg 300w\" sizes=\"auto, (max-width: 150px) 100vw, 150px\" \/><figcaption>Tracy Glynn est la directrice des op\u00e9rations et des projets pour la Coalition canadienne de la sant\u00e9<\/figcaption><\/figure>\n","protected":false},"excerpt":{"rendered":"<p>Les inscriptions sont ouvertes pour la conf\u00e9rence sur \u00ab Le probl\u00e8me du profit dans les soins de sant\u00e9 au Canada \u00bb . Date limite : 30 septembre.<\/p>\n","protected":false},"author":129,"featured_media":16924,"comment_status":"closed","ping_status":"closed","sticky":false,"template":"","format":"standard","meta":{"give_campaign_id":0,"footnotes":""},"categories":[100],"tags":[99],"class_list":["post-20898","post","type-post","status-publish","format-standard","has-post-thumbnail","hentry","category-event-fr","tag-privatization-fr"],"_links":{"self":[{"href":"https:\/\/www.healthcoalition.ca\/fr\/wp-json\/wp\/v2\/posts\/20898","targetHints":{"allow":["GET"]}}],"collection":[{"href":"https:\/\/www.healthcoalition.ca\/fr\/wp-json\/wp\/v2\/posts"}],"about":[{"href":"https:\/\/www.healthcoalition.ca\/fr\/wp-json\/wp\/v2\/types\/post"}],"author":[{"embeddable":true,"href":"https:\/\/www.healthcoalition.ca\/fr\/wp-json\/wp\/v2\/users\/129"}],"replies":[{"embeddable":true,"href":"https:\/\/www.healthcoalition.ca\/fr\/wp-json\/wp\/v2\/comments?post=20898"}],"version-history":[{"count":8,"href":"https:\/\/www.healthcoalition.ca\/fr\/wp-json\/wp\/v2\/posts\/20898\/revisions"}],"predecessor-version":[{"id":20945,"href":"https:\/\/www.healthcoalition.ca\/fr\/wp-json\/wp\/v2\/posts\/20898\/revisions\/20945"}],"wp:featuredmedia":[{"embeddable":true,"href":"https:\/\/www.healthcoalition.ca\/fr\/wp-json\/wp\/v2\/media\/16924"}],"wp:attachment":[{"href":"https:\/\/www.healthcoalition.ca\/fr\/wp-json\/wp\/v2\/media?parent=20898"}],"wp:term":[{"taxonomy":"category","embeddable":true,"href":"https:\/\/www.healthcoalition.ca\/fr\/wp-json\/wp\/v2\/categories?post=20898"},{"taxonomy":"post_tag","embeddable":true,"href":"https:\/\/www.healthcoalition.ca\/fr\/wp-json\/wp\/v2\/tags?post=20898"}],"curies":[{"name":"wp","href":"https:\/\/api.w.org\/{rel}","templated":true}]}}