{"id":21292,"date":"2025-11-05T13:43:00","date_gmt":"2025-11-05T17:43:00","guid":{"rendered":"https:\/\/www.healthcoalition.ca\/?p=21292"},"modified":"2025-11-05T16:02:19","modified_gmt":"2025-11-05T20:02:19","slug":"peu-despoir-dobtenir-de-laide-en-matiere-de-soins-de-sante-dans-le-premier-budget-de-carney","status":"publish","type":"post","link":"https:\/\/www.healthcoalition.ca\/fr\/peu-despoir-dobtenir-de-laide-en-matiere-de-soins-de-sante-dans-le-premier-budget-de-carney\/","title":{"rendered":"Peu d&#8217;espoir d&#8217;obtenir de l&#8217;aide en mati\u00e8re de soins de sant\u00e9 dans le premier budget de Carney"},"content":{"rendered":"\n<p>Ottawa &#8211; Le premier budget du premier ministre Mark Carney t\u00e9moigne d&#8217;un faible engagement envers l&#8217;am\u00e9lioration et l&#8217;expansion du syst\u00e8me de sant\u00e9 public, ainsi qu&#8217;une vision limit\u00e9e pour mettre fin \u00e0 la crise \u00e0 laquelle font face des millions de Canadiens qui ont besoin de soins.<\/p>\n\n\n\n<p>Le budget 2025, pr\u00e9sent\u00e9 le 4 novembre par le ministre des Finances et du Revenu, Fran\u00e7ois-Philippe Champagne, pr\u00e9voit des coupures successives et importantes dans le budget de Sant\u00e9, coupures qui atteindront pr\u00e8s de 400 millions de dollars par an d&#8217;ici la fin de la d\u00e9cennie pour Sant\u00e9 Canada, ASPC, ACIA, et CEPMB. Cela se traduira par la perte de milliers d&#8217;emplois dans la fonction publique, essentiels pour assurer le leadership pancanadien de notre syst\u00e8me public d&#8217;assurance-maladie qui est de plus en plus fragilis\u00e9.<\/p>\n\n\n\n<p>De plus, le gouvernement f\u00e9d\u00e9ral a l&#8217;intention de laisser expirer les accords de financement conclus avec les provinces et les territoires au cours des prochaines ann\u00e9es, et il ne semble pas dispos\u00e9 \u00e0 \u00e9tendre la couverture de l\u2019assurance m\u00e9dicament universelle aux quatre Canadiens sur cinq qui ne sont pas couverts par les ententes conclues avec le Manitoba, la Colombie-Britannique, l&#8217;\u00cele-du-Prince-\u00c9douard et le Yukon.<\/p>\n\n\n\n<p>Le gouvernement f\u00e9d\u00e9ral r\u00e9duira les soins de sant\u00e9 destin\u00e9s aux r\u00e9fugi\u00e9s, rendant ainsi encore plus vuln\u00e9rables ces personnes particuli\u00e8rement pr\u00e9caires, dont beaucoup travaillent dans notre syst\u00e8me de sant\u00e9.<\/p>\n\n\n\n<p>\u00ab Ce n&#8217;est pas le moment d\u2019imposer des r\u00e9ductions dans les soins de sant\u00e9 publics \u00bb, d\u00e9clare Jason MacLean, pr\u00e9sident de la Coalition canadienne de la sant\u00e9. \u00ab La crise de l&#8217;inflation s&#8217;aggrave, et il faut que les Canadiens sachent qu\u2019ils pourront compter sur soins de sant\u00e9 lorsqu&#8217;ils en auront le plus besoin. Ce budget ne tient pas compte des besoins des Canadiens, et nous exigeons mieux de la part de notre gouvernement \u00bb.<\/p>\n\n\n\n<p>Le budget, qui s\u2019intitule \u00ab <a href=\"https:\/\/budget.canada.ca\/2025\/report-rapport\/pdf\/budget-de-2025-notre-plan.pdf\" target=\"_blank\" rel=\"noreferrer noopener\">B\u00e2tir un Canada fort<\/a>\u201d, consacrera 5 milliards de dollars sur trois ans, \u00e0 compter de 2026-2027, \u00e0 un fonds pour les infrastructures de sant\u00e9 qui sera utilis\u00e9 par les provinces et les territoires telles que les h\u00f4pitaux, les salles d&#8217;urgence, les centres de soins d&#8217;urgence et les \u00e9coles de m\u00e9decine.<\/p>\n\n\n\n<p>\u00ab Nous avons besoin de nouveaux h\u00f4pitaux, mais nous avons davantage besoin de former des professionnels de la sant\u00e9 pour travailler dans nos \u00e9tablissements pour combler une grave p\u00e9nurie de personnel \u00bb, a ajout\u00e9 MacLean. \u00ab Le gouvernement devrait consacrer ces 5 milliards de dollars publics \u00e0 la formation, au recrutement et \u00e0 la r\u00e9duction de l&#8217;\u00e9puisement professionnel, ainsi qu&#8217;\u00e0 l&#8217;extension de la couverture des m\u00e9dicaments et des soins dentaires, et \u00e0 la fourniture de soins de longue dur\u00e9e s\u00fbrs \u00bb.<\/p>\n\n\n\n<p>La ligne budg\u00e9taire la plus importante pour les soins de sant\u00e9 \u2013 le Transfert canadien en mati\u00e8re de sant\u00e9 (TCS) aux provinces et aux territoires \u2013 continuera d&#8217;augmenter chaque ann\u00e9e, comme l&#8217;avait garanti le gouvernement pr\u00e9c\u00e9dent, mais le financement risque de ne pas suivre la demande croissante en mati\u00e8re de services de sant\u00e9. Les autres accords de financement bilat\u00e9raux sign\u00e9s par le gouvernement pr\u00e9c\u00e9dent seront honor\u00e9s, mais pourraient ne pas \u00eatre renouvel\u00e9s.<\/p>\n\n\n\n<p>Le budget comprend \u00e9galement un important cr\u00e9dit d&#8217;imp\u00f4t pour les pr\u00e9pos\u00e9s aux b\u00e9n\u00e9ficiaires, annonc\u00e9 le mois dernier. Ce cr\u00e9dit repr\u00e9sentera 1,48 milliard de dollars sur six ans, la majeure partie de de financement ayant \u00e9t\u00e9 approuv\u00e9e par le gouvernement pr\u00e9c\u00e9dent.<\/p>\n\n\n\n<p>Le gouvernement f\u00e9d\u00e9ral r\u00e9duit les soins de sant\u00e9 pour les r\u00e9fugi\u00e9s, rendant ces personnes particuli\u00e8rement pr\u00e9caires, dont beaucoup travaillent dans notre syst\u00e8me de sant\u00e9, encore plus vuln\u00e9rables qu&#8217;elles ne le sont d\u00e9j\u00e0.<\/p>\n\n\n\n<p>Au cours des semaines et des mois \u00e0 venir, la Coalition canadienne de la sant\u00e9 fera pression sur le gouvernement Carney pour qu&#8217;il r\u00e9affirme son engagement envers notre syst\u00e8me de sant\u00e9 public en mettant fin aux compressions budg\u00e9taires et en poursuivant la t\u00e2che inachev\u00e9e de mettre en place un syst\u00e8me de sant\u00e9 public et universel pour tous les Canadiens.<\/p>\n\n\n\n<figure class=\"wp-block-image size-thumbnail is-style-rounded\"><img loading=\"lazy\" decoding=\"async\" width=\"150\" height=\"150\" src=\"https:\/\/www.healthcoalition.ca\/wp-content\/uploads\/2022\/06\/014_Steve_Health-Coalition_BalfourPhoto_High-Resolution-150x150.jpg\" alt=\"\" class=\"wp-image-7051\" srcset=\"https:\/\/www.healthcoalition.ca\/wp-content\/uploads\/2022\/06\/014_Steve_Health-Coalition_BalfourPhoto_High-Resolution-150x150.jpg 150w, https:\/\/www.healthcoalition.ca\/wp-content\/uploads\/2022\/06\/014_Steve_Health-Coalition_BalfourPhoto_High-Resolution-300x300.jpg 300w, https:\/\/www.healthcoalition.ca\/wp-content\/uploads\/2022\/06\/014_Steve_Health-Coalition_BalfourPhoto_High-Resolution-1024x1024.jpg 1024w, https:\/\/www.healthcoalition.ca\/wp-content\/uploads\/2022\/06\/014_Steve_Health-Coalition_BalfourPhoto_High-Resolution-768x768.jpg 768w, https:\/\/www.healthcoalition.ca\/wp-content\/uploads\/2022\/06\/014_Steve_Health-Coalition_BalfourPhoto_High-Resolution-1536x1536.jpg 1536w, https:\/\/www.healthcoalition.ca\/wp-content\/uploads\/2022\/06\/014_Steve_Health-Coalition_BalfourPhoto_High-Resolution-2048x2048.jpg 2048w, https:\/\/www.healthcoalition.ca\/wp-content\/uploads\/2022\/06\/014_Steve_Health-Coalition_BalfourPhoto_High-Resolution-800x800.jpg 800w\" sizes=\"auto, (max-width: 150px) 100vw, 150px\" \/><figcaption>Steven Staples est le directeur national des politiques et du plaidoyer de la Coalition canadienne de la sant\u00e9<\/figcaption><\/figure>\n\n\n\n<p><\/p>\n\n\n\n<p><\/p>\n\n\n\n<p><\/p>\n","protected":false},"excerpt":{"rendered":"<p>Les coupes budg\u00e9taires de 2025 affaiblissent les soins de sant\u00e9 publics <\/p>\n","protected":false},"author":131,"featured_media":2845,"comment_status":"closed","ping_status":"closed","sticky":false,"template":"","format":"standard","meta":{"give_campaign_id":0,"footnotes":""},"categories":[85],"tags":[94,86],"class_list":["post-21292","post","type-post","status-publish","format-standard","has-post-thumbnail","hentry","category-declaration","tag-regime-dassurance-medicaments","tag-transfert-canadien-en-matiere-de-sante"],"_links":{"self":[{"href":"https:\/\/www.healthcoalition.ca\/fr\/wp-json\/wp\/v2\/posts\/21292","targetHints":{"allow":["GET"]}}],"collection":[{"href":"https:\/\/www.healthcoalition.ca\/fr\/wp-json\/wp\/v2\/posts"}],"about":[{"href":"https:\/\/www.healthcoalition.ca\/fr\/wp-json\/wp\/v2\/types\/post"}],"author":[{"embeddable":true,"href":"https:\/\/www.healthcoalition.ca\/fr\/wp-json\/wp\/v2\/users\/131"}],"replies":[{"embeddable":true,"href":"https:\/\/www.healthcoalition.ca\/fr\/wp-json\/wp\/v2\/comments?post=21292"}],"version-history":[{"count":2,"href":"https:\/\/www.healthcoalition.ca\/fr\/wp-json\/wp\/v2\/posts\/21292\/revisions"}],"predecessor-version":[{"id":21305,"href":"https:\/\/www.healthcoalition.ca\/fr\/wp-json\/wp\/v2\/posts\/21292\/revisions\/21305"}],"wp:featuredmedia":[{"embeddable":true,"href":"https:\/\/www.healthcoalition.ca\/fr\/wp-json\/wp\/v2\/media\/2845"}],"wp:attachment":[{"href":"https:\/\/www.healthcoalition.ca\/fr\/wp-json\/wp\/v2\/media?parent=21292"}],"wp:term":[{"taxonomy":"category","embeddable":true,"href":"https:\/\/www.healthcoalition.ca\/fr\/wp-json\/wp\/v2\/categories?post=21292"},{"taxonomy":"post_tag","embeddable":true,"href":"https:\/\/www.healthcoalition.ca\/fr\/wp-json\/wp\/v2\/tags?post=21292"}],"curies":[{"name":"wp","href":"https:\/\/api.w.org\/{rel}","templated":true}]}}