{"id":21579,"date":"2025-12-16T15:00:21","date_gmt":"2025-12-16T19:00:21","guid":{"rendered":"https:\/\/www.healthcoalition.ca\/les-coalitions-de-la-sante-a-travers-le-canada-demandent-au-premier-ministre-et-au-ministre-de-la-sante-de-faire-respecter-la-loi-canadienne-sur-la-sante-face-a-la-loi-11-de-lalberta\/"},"modified":"2025-12-16T15:00:22","modified_gmt":"2025-12-16T19:00:22","slug":"les-coalitions-de-la-sante-a-travers-le-canada-demandent-au-premier-ministre-et-au-ministre-de-la-sante-de-faire-respecter-la-loi-canadienne-sur-la-sante-face-a-la-loi-11-de-lalberta","status":"publish","type":"post","link":"https:\/\/www.healthcoalition.ca\/fr\/les-coalitions-de-la-sante-a-travers-le-canada-demandent-au-premier-ministre-et-au-ministre-de-la-sante-de-faire-respecter-la-loi-canadienne-sur-la-sante-face-a-la-loi-11-de-lalberta\/","title":{"rendered":"Les coalitions de la sant\u00e9 \u00e0 travers le Canada demandent au premier ministre et au ministre de la Sant\u00e9 de faire respecter la Loi canadienne sur la sant\u00e9 face \u00e0 la loi 11 de l&#8217;Alberta."},"content":{"rendered":"\n<p>Les coalitions de la sant\u00e9 \u00e0 travers le Canada demandent au premier ministre et au ministre de la Sant\u00e9 de faire respecter la Loi canadienne sur la sant\u00e9 face \u00e0 la loi 11 de l&#8217;Alberta.<\/p>\n\n<p>Dans une lettre ouverte adress\u00e9e au premier ministre et \u00e0 la ministre de la Sant\u00e9, les coalitions pour la sant\u00e9 \u00e0 travers le Canada demandent au gouvernement f\u00e9d\u00e9ral d&#8217;intervenir face au syst\u00e8me de sant\u00e9 \u00e0 deux vitesses mis en place par le projet de loi 11 de l&#8217;Alberta.<\/p>\n\n<p>La lettre ouverte compl\u00e8te appelant le gouvernement f\u00e9d\u00e9ral \u00e0 agir est reproduite ci-dessous.<\/p>\n\n<hr class=\"wp-block-separator has-alpha-channel-opacity\"\/>\n\n<h3 class=\"wp-block-heading\">Avec sa loi 11, l\u2019Alberta menace les soins de sant\u00e9 publics pour tous les canadiens: les coalitions en sant\u00e9 demandent au gouvernement f\u00e9d\u00e9ral d\u2019agir <\/h3>\n\n<p>Monsieur le Premier ministre, le tr\u00e8s honorable Mark Carney, Madame la Ministre de la Sant\u00e9, l\u2019honorable Marjorie Michel,\n\n<\/p>\n\n<p>Le projet de loi 11 de l\u2019Alberta, devenu la Loi modifiant les lois sur la sant\u00e9, cr\u00e9e le cadre juridique d\u2019un syst\u00e8me de sant\u00e9 \u00e0 deux vitesses. Il instaure l\u2019assurance maladie priv\u00e9e et impose la facturation directe aux patients pour les soins de sant\u00e9 m\u00e9dicalement n\u00e9cessaires. Cela va causer de graves in\u00e9galit\u00e9s dans l\u2019acc\u00e8s aux soins de sant\u00e9 en Alberta et menace le syst\u00e8me de sant\u00e9 public partout au Canada.<\/p>\n\n<p>La Loi canadienne sur la sant\u00e9 a \u00e9t\u00e9 r\u00e9dig\u00e9e afin de garantir \u00e0 tous les Canadiens l\u2019acc\u00e8s aux soins de sant\u00e9 n\u00e9cessaires, \u00e0 des conditions \u00e9gales et sans obstacles financiers. Elle repr\u00e9sente l\u2019une des plus grandes r\u00e9alisations de notre pays. Adopt\u00e9e \u00e0 l\u2019unanimit\u00e9 \u00e0 la Chambre des communes, elle refl\u00e8te nos valeurs profond\u00e9ment communes d\u2019\u00e9quit\u00e9 et de compassion. De toute \u00e9vidence, en ouvrant la voie \u00e0 la facturation des soins de sant\u00e9 aux patients, la nouvelle loi albertaine an\u00e9antit tout droit \u00e0 l\u2019\u00e9galit\u00e9 d\u2019acc\u00e8s aux soins de sant\u00e9.<\/p>\n\n<p>Nous, coalitions de sant\u00e9 repr\u00e9sentant plus de trois millions de Canadiens, joignons nos voix et exigeons que vous preniez des mesures imm\u00e9diates et d\u00e9cisives pour mettre fin \u00e0 cette menace qui p\u00e8se sur notre syst\u00e8me de sant\u00e9 public national. Le gouvernement f\u00e9d\u00e9ral a la responsabilit\u00e9 de faire respecter la Loi canadienne sur la sant\u00e9 et les valeurs nationales communes sur lesquelles repose notre syst\u00e8me de sant\u00e9 public.<\/p>\n\n<p>Soyons clairs : la nouvelle loi albertaine cr\u00e9e express\u00e9ment une assurance maladie priv\u00e9e et impose des frais aux patients pour les soins de sant\u00e9 m\u00e9dicalement n\u00e9cessaires. Elle favorise la cr\u00e9ation d\u2019un march\u00e9 de l\u2019assurance priv\u00e9e au Canada, mena\u00e7ant ainsi le syst\u00e8me de sant\u00e9 public partout au pays. Elle supprime les obstacles et risques emp\u00eachant des m\u00e9decins qui souhaitent facturer les soins aux patients de le faire, et leur permet de continuer \u00e0 utiliser le syst\u00e8me de sant\u00e9 public comme filet de s\u00e9curit\u00e9 pour leur garantir le revenu souhait\u00e9. La planification des soins de sant\u00e9 est peu prot\u00e9g\u00e9e et aucun contr\u00f4le des prix n\u2019est en place. Il existe tr\u00e8s peu de mesures susceptibles d\u2019att\u00e9nuer la hausse des prix, les in\u00e9galit\u00e9s et la perte d\u2019acc\u00e8s aux soins de sant\u00e9 publics que ce plan de privatisation des soins de sant\u00e9 engendrera. Il nuira \u00e0 l\u2019acc\u00e8s aux soins pour les personnes \u00e2g\u00e9es et les petites communaut\u00e9s rurales et nordiques. Il r\u00e9duira l\u2019acc\u00e8s aux soins pour tous ceux et celles qui n\u2019ont pas les moyens de se payer des soins de sant\u00e9 priv\u00e9s, ainsi que pour les personnes atteintes de maladies chroniques que les compagnies d\u2019assurance maladie priv\u00e9es jugent non rentables. C\u2019est un pas de g\u00e9ant vers un syst\u00e8me de sant\u00e9 priv\u00e9 \u00e0 l\u2019am\u00e9ricaine.<\/p>\n\n<p>Les faits sont l\u00e0 : l\u2019assurance maladie priv\u00e9e co\u00fbte plus cher. Les employeurs devront faire face \u00e0 de nouveaux co\u00fbts d\u2019assurance maladie priv\u00e9e, ce qui augmentera le co\u00fbt des affaires au Canada. Ces co\u00fbts augmenteront \u00e9galement pour les employeurs et seront r\u00e9percut\u00e9s sur les employ\u00e9s par le biais des quotes-parts et des franchises. Les syndicats seront contraints de n\u00e9gocier une couverture d\u2019assurance maladie, ce qui remplacera les salaires, les pensions et autres avantages sociaux. Les gens perdent leur assurance maladie lorsqu\u2019ils perdent leur emploi. Les citoyens devront payer pour les soins de sant\u00e9 \u00e0 la fois par le biais des imp\u00f4ts et par des paiements priv\u00e9s, ce qui augmentera les co\u00fbts au lieu de les r\u00e9duire.<\/p>\n\n<p>La privatisation du syst\u00e8me de sant\u00e9 albertain menace la souverainet\u00e9 canadienne, mettant fin \u00e0 un syst\u00e8me de sant\u00e9 public national qui est fondamental \u00e0 notre identit\u00e9 et \u00e0 ce qui nous distingue des \u00c9tats-Unis. Elle risque d\u2019exclure l\u2019assurance maladie publique des accords commerciaux, permettant ainsi aux compagnies d\u2019assurance maladie priv\u00e9es am\u00e9ricaines de s\u2019implanter au Canada.<\/p>\n\n<p>Nous vous demandons de sortir de votre silence sur cette question. Vous ne pouvez pas \u00eatre complices d\u2019un plan visant \u00e0 privatiser notre syst\u00e8me de sant\u00e9. Les Canadiens ont besoin que vous agissiez pour pr\u00e9server notre syst\u00e8me de sant\u00e9 publique et prot\u00e9ger les patients de la cupidit\u00e9 et des souffrances que la privatisation engendrera si elle n&#8217;est pas stopp\u00e9e.<\/p>\n\n<p>Sign\u00e9e par <\/p>\n\n<p>Coalition canadienne de la sant\u00e9<\/p>\n\n<p>Friends of Medicare (Alberta)<\/p>\n\n<p>Coalition de la sant\u00e9 de la Colombie-Britannique<\/p>\n\n<p>Coalition Manitobaine de la sant\u00e9 <\/p>\n\n<p>Saskatchewan Health Coalition<\/p>\n\n<p>Coalition Ontarienne de la sant\u00e9<\/p>\n\n<p>Coalition solidarit\u00e9 sant\u00e9 (Qc)<\/p>\n\n<p>Coalition de la sant\u00e9 de la Nouvelle-\u00c9cosse<\/p>\n\n<p>Coalition de la sant\u00e9 du Nouveau-Brunswick<\/p>\n\n<p>Coalition de la sant\u00e9 de l\u2019\u00eele du Prince-\u00c9douard<\/p>\n","protected":false},"excerpt":{"rendered":"<p>L&#8217;Alberta fait \u00e9voluer le Canada vers un syst\u00e8me de sant\u00e9 priv\u00e9 \u00e0 but lucratif, en violation de la Loi canadienne de la sant\u00e9.<\/p>\n","protected":false},"author":142,"featured_media":21578,"comment_status":"closed","ping_status":"closed","sticky":false,"template":"","format":"standard","meta":{"give_campaign_id":0,"footnotes":""},"categories":[79],"tags":[99],"class_list":["post-21579","post","type-post","status-publish","format-standard","has-post-thumbnail","hentry","category-statement","tag-privatization-fr"],"_links":{"self":[{"href":"https:\/\/www.healthcoalition.ca\/fr\/wp-json\/wp\/v2\/posts\/21579","targetHints":{"allow":["GET"]}}],"collection":[{"href":"https:\/\/www.healthcoalition.ca\/fr\/wp-json\/wp\/v2\/posts"}],"about":[{"href":"https:\/\/www.healthcoalition.ca\/fr\/wp-json\/wp\/v2\/types\/post"}],"author":[{"embeddable":true,"href":"https:\/\/www.healthcoalition.ca\/fr\/wp-json\/wp\/v2\/users\/142"}],"replies":[{"embeddable":true,"href":"https:\/\/www.healthcoalition.ca\/fr\/wp-json\/wp\/v2\/comments?post=21579"}],"version-history":[{"count":1,"href":"https:\/\/www.healthcoalition.ca\/fr\/wp-json\/wp\/v2\/posts\/21579\/revisions"}],"predecessor-version":[{"id":21581,"href":"https:\/\/www.healthcoalition.ca\/fr\/wp-json\/wp\/v2\/posts\/21579\/revisions\/21581"}],"wp:featuredmedia":[{"embeddable":true,"href":"https:\/\/www.healthcoalition.ca\/fr\/wp-json\/wp\/v2\/media\/21578"}],"wp:attachment":[{"href":"https:\/\/www.healthcoalition.ca\/fr\/wp-json\/wp\/v2\/media?parent=21579"}],"wp:term":[{"taxonomy":"category","embeddable":true,"href":"https:\/\/www.healthcoalition.ca\/fr\/wp-json\/wp\/v2\/categories?post=21579"},{"taxonomy":"post_tag","embeddable":true,"href":"https:\/\/www.healthcoalition.ca\/fr\/wp-json\/wp\/v2\/tags?post=21579"}],"curies":[{"name":"wp","href":"https:\/\/api.w.org\/{rel}","templated":true}]}}