{"id":21978,"date":"2026-03-13T14:41:17","date_gmt":"2026-03-13T18:41:17","guid":{"rendered":"https:\/\/www.healthcoalition.ca\/la-coalition-canadienne-de-la-sante-reclame-la-fermeture-de-tous-les-centres-de-collecte-de-plasma-prives-a-but-lucratif\/"},"modified":"2026-03-13T14:46:15","modified_gmt":"2026-03-13T18:46:15","slug":"la-coalition-canadienne-de-la-sante-reclame-la-fermeture-de-tous-les-centres-de-collecte-de-plasma-prives-a-but-lucratif","status":"publish","type":"post","link":"https:\/\/www.healthcoalition.ca\/fr\/la-coalition-canadienne-de-la-sante-reclame-la-fermeture-de-tous-les-centres-de-collecte-de-plasma-prives-a-but-lucratif\/","title":{"rendered":"La Coalition canadienne de la sant\u00e9 r\u00e9clame la fermeture de tous les centres de collecte de plasma priv\u00e9s \u00e0 but lucratif"},"content":{"rendered":"\n<p>La Coalition canadienne de la sant\u00e9 demande \u00e0 la ministre f\u00e9d\u00e9rale de la Sant\u00e9, Marjorie Michel, d\u2019interdire les centres de collecte de plasma priv\u00e9s \u00e0 but lucratif \u00e0 travers le Canada, la confirmation de Sant\u00e9 Canada d\u2019informations parues dans les m\u00e9dias faisant \u00e9tat du <a href=\"https:\/\/www.cbc.ca\/news\/canada\/manitoba\/2-people-die-after-fatal-adverse-reactions-while-giving-plasma-in-winnipeg-health-canada-9.7122868\">d\u00e9c\u00e8s de deux personnes<\/a> \u00e0 la suite de pr\u00e9l\u00e8vements de plasma dans des centres de collecte appartenant \u00e0 Grifols \u00e0 Winnipeg.<\/p>\n\n\n\n<p>La Coalition demande \u00e9galement au gouvernement du Manitoba de charger le m\u00e9decin l\u00e9giste en chef de mener une enqu\u00eate du coroner sur ces d\u00e9c\u00e8s.<\/p>\n\n\n\n<p>La Coalition accueille favorablement la nouvelle que le Manitoba envisage d\u2019interdire les centres de plasma r\u00e9mun\u00e9r\u00e9s, comme l\u2019a rapport\u00e9 la <a href=\"https:\/\/www.cbc.ca\/news\/canada\/manitoba\/minister-manitoba-plasma-ban-9.7125058\" target=\"_blank\" rel=\"noreferrer noopener\">CBC<\/a> le 12 mars 2026.<\/p>\n\n\n\n<p>\u00ab La collecte de plasma doit suivre les principes de la Commission Krever pour l\u2019approvisionnement national en sang du Canada, notamment que le sang est une ressource publique et que les donneurs ne doivent pas \u00eatre r\u00e9mun\u00e9r\u00e9s \u00bb, d\u00e9clare Jason MacLean, pr\u00e9sident de la Coalition canadienne de la sant\u00e9.<\/p>\n\n\n\n<p>\u00ab Toutes les provinces et tous les territoires doivent adopter d\u2019urgence la l\u00e9gislation sur la protection du sang donn\u00e9 volontairement. La Soci\u00e9t\u00e9 canadienne du sang doit imm\u00e9diatement mettre fin \u00e0 son contrat avec Grifols et prendre en charge la collecte de plasma. Ces mesures garantiront une plus grande s\u00e9curit\u00e9 de l\u2019approvisionnement national en sang et en plasma au Canada \u00bb, a d\u00e9clar\u00e9 M. MacLean.<\/p>\n\n\n\n<p>Rodiyat Alabede, une \u00e9tudiante \u00e9trang\u00e8re \u00e2g\u00e9e de vingt-deux ans, est d\u00e9c\u00e9d\u00e9e le 25 octobre apr\u00e8s avoir, selon ses amis, vendu du plasma. Une autre personne est d\u00e9c\u00e9d\u00e9e en janvier. Un troisi\u00e8me individu, originaire de Winnipeg, a intent\u00e9 une action en justice pour <a href=\"https:\/\/www.cbc.ca\/news\/canada\/manitoba\/blood-plasma-donor-lawsuit-winnipeg-1.7585796\" target=\"_blank\" rel=\"noreferrer noopener\">d\u00e9faillance d\u2019un \u00e9quipement m\u00e9canique<\/a> qui lui a caus\u00e9 de graves l\u00e9sions r\u00e9nales apr\u00e8s avoir vendu son plasma dans un centre Grifols.<\/p>\n\n\n\n<p>Le 13 janvier 2026, les <a href=\"https:\/\/www.drug-inspections.canada.ca\/blood\/fullReportCard-fr.html?lang=fr&amp;insNumber=88305\" target=\"_blank\" rel=\"noreferrer noopener\">inspecteurs de Sant\u00e9 Canada ont constat\u00e9<\/a> que le centre Grifols de Regina n&#8217;\u00e9tait pas conforme. Le 2 d\u00e9cembre 2025, <a href=\"https:\/\/www.drug-inspections.canada.ca\/blood\/fullReportCard-fr.html?lang=fr&amp;insNumber=88096\" target=\"_blank\" rel=\"noreferrer noopener\">le centre Grifols de Calgary<\/a> a \u00e9galement \u00e9t\u00e9 trouv\u00e9 non conforme. Les deux rapports mentionnent des lacunes dans l&#8217;\u00e9valuation des donneurs, dans le syst\u00e8me de gestion de la qualit\u00e9, des proc\u00e9dures op\u00e9rationnelles, ainsi que dans les qualifications et la formation du personnel.<\/p>\n\n\n\n<p>La collecte du plasma r\u00e9mun\u00e9r\u00e9 et \u00e0 but lucratif exploite les populations vuln\u00e9rables qui ont besoin d\u2019argent. Par exemple, le centre de collecte de plasma Grifols de Moncton est situ\u00e9 pr\u00e8s de l\u2019Universit\u00e9 de Moncton et offre jusqu\u2019\u00e0 1 680 dollars au cours des trois premiers mois pour le plasma. <\/p>\n\n\n\n<p>La collecte du plasma r\u00e9mun\u00e9r\u00e9 et \u00e0 but lucratif ne se fait pas au Qu\u00e9bec ou le plasma est pr\u00e9lev\u00e9 uniquement par H\u00e9ma-Qu\u00e9bec.<\/p>\n\n\n\n<p>La mission de la Coalition canadienne de la sant\u00e9 est de prot\u00e9ger et d\u2019\u00e9largir l\u2019assurance maladie publique et universelle \u00e0 \u00e0 l\u2019ensemble de la population vivant au Canada. Cela inclut la prestation publique par la Soci\u00e9t\u00e9 canadienne du sang de sang, de plasma pour les situations d\u2019urgence et les soins m\u00e9dicaux continus.<\/p>\n","protected":false},"excerpt":{"rendered":"<p>Le Manitoba doit ouvrir une enqu\u00eate du coroner sur les d\u00e9c\u00e8s survenus \u00e0 la suite de pr\u00e9l\u00e8vements de plasma<\/p>\n","protected":false},"author":128,"featured_media":7716,"comment_status":"closed","ping_status":"closed","sticky":false,"template":"","format":"standard","meta":{"give_campaign_id":0,"footnotes":""},"categories":[85],"tags":[123],"class_list":["post-21978","post","type-post","status-publish","format-standard","has-post-thumbnail","hentry","category-declaration","tag-plasma-2"],"_links":{"self":[{"href":"https:\/\/www.healthcoalition.ca\/fr\/wp-json\/wp\/v2\/posts\/21978","targetHints":{"allow":["GET"]}}],"collection":[{"href":"https:\/\/www.healthcoalition.ca\/fr\/wp-json\/wp\/v2\/posts"}],"about":[{"href":"https:\/\/www.healthcoalition.ca\/fr\/wp-json\/wp\/v2\/types\/post"}],"author":[{"embeddable":true,"href":"https:\/\/www.healthcoalition.ca\/fr\/wp-json\/wp\/v2\/users\/128"}],"replies":[{"embeddable":true,"href":"https:\/\/www.healthcoalition.ca\/fr\/wp-json\/wp\/v2\/comments?post=21978"}],"version-history":[{"count":4,"href":"https:\/\/www.healthcoalition.ca\/fr\/wp-json\/wp\/v2\/posts\/21978\/revisions"}],"predecessor-version":[{"id":21983,"href":"https:\/\/www.healthcoalition.ca\/fr\/wp-json\/wp\/v2\/posts\/21978\/revisions\/21983"}],"wp:featuredmedia":[{"embeddable":true,"href":"https:\/\/www.healthcoalition.ca\/fr\/wp-json\/wp\/v2\/media\/7716"}],"wp:attachment":[{"href":"https:\/\/www.healthcoalition.ca\/fr\/wp-json\/wp\/v2\/media?parent=21978"}],"wp:term":[{"taxonomy":"category","embeddable":true,"href":"https:\/\/www.healthcoalition.ca\/fr\/wp-json\/wp\/v2\/categories?post=21978"},{"taxonomy":"post_tag","embeddable":true,"href":"https:\/\/www.healthcoalition.ca\/fr\/wp-json\/wp\/v2\/tags?post=21978"}],"curies":[{"name":"wp","href":"https:\/\/api.w.org\/{rel}","templated":true}]}}