{"id":22168,"date":"2026-04-29T17:48:55","date_gmt":"2026-04-29T21:48:55","guid":{"rendered":"https:\/\/www.healthcoalition.ca\/la-coalition-canadienne-de-la-sante-reagit-a-la-mise-en-garde-de-la-ministre-de-la-sante-a-lintention-de-lalberta-concernant-le-projet-de-loi-11\/"},"modified":"2026-04-29T17:58:02","modified_gmt":"2026-04-29T21:58:02","slug":"la-coalition-canadienne-de-la-sante-reagit-a-la-mise-en-garde-de-la-ministre-de-la-sante-a-lintention-de-lalberta-concernant-le-projet-de-loi-11","status":"publish","type":"post","link":"https:\/\/www.healthcoalition.ca\/fr\/la-coalition-canadienne-de-la-sante-reagit-a-la-mise-en-garde-de-la-ministre-de-la-sante-a-lintention-de-lalberta-concernant-le-projet-de-loi-11\/","title":{"rendered":"La Coalition canadienne de la sant\u00e9 r\u00e9agit \u00e0 la mise en garde de la ministre de la Sant\u00e9 \u00e0 l&#8217;intention de l&#8217;Alberta concernant le projet de loi 11"},"content":{"rendered":"\n<p>La ministre f\u00e9d\u00e9rale de la Sant\u00e9, Marjorie Michel, a eu une \u00ab conversation franche \u00bb avec son homologue albertaine, Adriana LaGrange, au sujet du projet de loi 11, qui fait l&#8217;objet de vives controverses, selon <a href=\"https:\/\/nationalpost.com\/news\/canada\/health-minister-cautions-alberta-over-private-health-care-law?utm_source=Canadian+Health+Coalition&amp;utm_campaign=25bb71f7e1-EMAIL_CAMPAIGN_2026_03_02_06_49_COPY_01&amp;utm_medium=email&amp;utm_term=0_-03142aa61f-574737825\" target=\"_blank\" rel=\"noreferrer noopener\">un article paru hier<\/a>.<\/p>\n\n\n\n<p>Le pr\u00e9sident de la Coalition canadienne de la sant\u00e9 s\u2019est dit encourag\u00e9 par le fait que la ministre de la Sant\u00e9 porte davantage d\u2019attention sur les mesures prises par l\u2019Alberta en faveur d\u2019une privatisation sans pr\u00e9c\u00e9dent, qui cr\u00e9e un syst\u00e8me de sant\u00e9 injuste et \u00e0 deux vitesses.  <\/p>\n\n\n\n<p>\u00ab La ministre Michel doit pr\u00e9ciser que le gouvernement f\u00e9d\u00e9ral consid\u00e8re que le projet de loi 11 de l\u2019Alberta constitue une violation flagrante de la Loi canadienne sur la sant\u00e9 \u00bb, a d\u00e9clar\u00e9 Jason MacLean, pr\u00e9sident de la coalition. \u00ab Cela permettra de rassurer la population sur sa volont\u00e9 de faire respecter la Loi \u00bb.<\/p>\n\n\n\n<p>Le projet de loi 11 ou \u00ab Bill 11 \u00bb, officiellement connue sous le nom de la Loi de 2025 modifiant les lois sur la sant\u00e9 (n\u00b0 2), a \u00e9t\u00e9 adopt\u00e9e en d\u00e9cembre, et permettra aux m\u00e9decins de pratiquer \u00e0 la fois dans les syst\u00e8mes public et priv\u00e9, en facturant aux patients ayant de l\u2019argent le montant qu\u2019ils souhaitent pour les proc\u00e9dures m\u00e9dicalement n\u00e9cessaires. Le projet de loi 11 encourage \u00e9galement l\u2019expansion dangereuse de l\u2019assurance priv\u00e9e pour couvrir les services fournis par le secteur priv\u00e9.  <\/p>\n\n\n\n<p>La Coalition canadienne de la sant\u00e9, en collaboration avec l\u2019organisation albertaine Friends of Medicare et de nombreux autres alli\u00e9s, exhorte les d\u00e9put\u00e9s \u00e0 faire respecter la Loi canadienne sur la sant\u00e9. Des milliers de lettres ont \u00e9t\u00e9 envoy\u00e9es par des sympathisants \u00e0 leurs d\u00e9put\u00e9s. <\/p>\n\n\n\n<p>En f\u00e9vrier, les b\u00e9n\u00e9voles de la coalition ont rencontr\u00e9 des parlementaires et ont constat\u00e9 que 66 % des d\u00e9put\u00e9s lib\u00e9raux \u00e9taient favorables \u00e0 l&#8217;application de la Loi canadienne sur la sant\u00e9, notamment la suspension des transferts en mati\u00e8re de sant\u00e9 vers les provinces qui permettent des obstacles financiers \u00e0 l&#8217;acc\u00e8s aux soins.<\/p>\n\n\n\n<figure class=\"wp-block-image size-thumbnail is-style-rounded\"><img loading=\"lazy\" decoding=\"async\" width=\"150\" height=\"150\" src=\"https:\/\/www.healthcoalition.ca\/wp-content\/uploads\/2022\/06\/043_Anne_Health-Coalition_BalfourPhoto_High-Resolution-150x150.jpg\" alt=\"\" class=\"wp-image-6927\" srcset=\"https:\/\/www.healthcoalition.ca\/wp-content\/uploads\/2022\/06\/043_Anne_Health-Coalition_BalfourPhoto_High-Resolution-150x150.jpg 150w, https:\/\/www.healthcoalition.ca\/wp-content\/uploads\/2022\/06\/043_Anne_Health-Coalition_BalfourPhoto_High-Resolution-300x300.jpg 300w, https:\/\/www.healthcoalition.ca\/wp-content\/uploads\/2022\/06\/043_Anne_Health-Coalition_BalfourPhoto_High-Resolution-1024x1024.jpg 1024w, https:\/\/www.healthcoalition.ca\/wp-content\/uploads\/2022\/06\/043_Anne_Health-Coalition_BalfourPhoto_High-Resolution-768x768.jpg 768w, https:\/\/www.healthcoalition.ca\/wp-content\/uploads\/2022\/06\/043_Anne_Health-Coalition_BalfourPhoto_High-Resolution-1536x1536.jpg 1536w, https:\/\/www.healthcoalition.ca\/wp-content\/uploads\/2022\/06\/043_Anne_Health-Coalition_BalfourPhoto_High-Resolution-2048x2048.jpg 2048w, https:\/\/www.healthcoalition.ca\/wp-content\/uploads\/2022\/06\/043_Anne_Health-Coalition_BalfourPhoto_High-Resolution-800x800.jpg 800w\" sizes=\"auto, (max-width: 150px) 100vw, 150px\" \/><figcaption class=\"wp-element-caption\">Anne Lagac\u00e9 Dowson est la directrice de la communication de la Coalition canadienne de la sant\u00e9 <\/figcaption><\/figure>\n","protected":false},"excerpt":{"rendered":"<p>Marjorie Michel doit pr\u00e9ciser que le projet de loi n\u00b0 11 constitue une violation manifeste de la Loi canadienne sur la sant\u00e9<\/p>\n","protected":false},"author":128,"featured_media":22182,"comment_status":"closed","ping_status":"closed","sticky":false,"template":"","format":"standard","meta":{"give_campaign_id":0,"footnotes":""},"categories":[21,128,137],"tags":[157],"class_list":["post-22168","post","type-post","status-publish","format-standard","has-post-thumbnail","hentry","category-news","category-nouvelles","category-nouvelles-fr","tag-loi-canadienne-sur-la-sante"],"_links":{"self":[{"href":"https:\/\/www.healthcoalition.ca\/fr\/wp-json\/wp\/v2\/posts\/22168","targetHints":{"allow":["GET"]}}],"collection":[{"href":"https:\/\/www.healthcoalition.ca\/fr\/wp-json\/wp\/v2\/posts"}],"about":[{"href":"https:\/\/www.healthcoalition.ca\/fr\/wp-json\/wp\/v2\/types\/post"}],"author":[{"embeddable":true,"href":"https:\/\/www.healthcoalition.ca\/fr\/wp-json\/wp\/v2\/users\/128"}],"replies":[{"embeddable":true,"href":"https:\/\/www.healthcoalition.ca\/fr\/wp-json\/wp\/v2\/comments?post=22168"}],"version-history":[{"count":3,"href":"https:\/\/www.healthcoalition.ca\/fr\/wp-json\/wp\/v2\/posts\/22168\/revisions"}],"predecessor-version":[{"id":22187,"href":"https:\/\/www.healthcoalition.ca\/fr\/wp-json\/wp\/v2\/posts\/22168\/revisions\/22187"}],"wp:featuredmedia":[{"embeddable":true,"href":"https:\/\/www.healthcoalition.ca\/fr\/wp-json\/wp\/v2\/media\/22182"}],"wp:attachment":[{"href":"https:\/\/www.healthcoalition.ca\/fr\/wp-json\/wp\/v2\/media?parent=22168"}],"wp:term":[{"taxonomy":"category","embeddable":true,"href":"https:\/\/www.healthcoalition.ca\/fr\/wp-json\/wp\/v2\/categories?post=22168"},{"taxonomy":"post_tag","embeddable":true,"href":"https:\/\/www.healthcoalition.ca\/fr\/wp-json\/wp\/v2\/tags?post=22168"}],"curies":[{"name":"wp","href":"https:\/\/api.w.org\/{rel}","templated":true}]}}